{"id":11963,"date":"2026-08-30T21:31:54","date_gmt":"2026-08-31T00:31:54","guid":{"rendered":"https:\/\/guiacataguases.com.br\/nova\/noticias\/natal-da-ferrari-defende-mais-representatividade-para-uba-em-entrevista\/"},"modified":"2026-08-30T21:31:54","modified_gmt":"2026-08-31T00:31:54","slug":"natal-da-ferrari-defende-mais-representatividade-para-uba-em-entrevista","status":"publish","type":"post","link":"https:\/\/guiacataguases.com.br\/nova\/noticias\/natal-da-ferrari-defende-mais-representatividade-para-uba-em-entrevista\/","title":{"rendered":"Natal da Ferrari defende mais representatividade para Ub\u00e1 em entrevista"},"content":{"rendered":"<p><i>Candidato a deputado estadual pelo PRD enfatiza a import\u00e2ncia da participa\u00e7\u00e3o popular nas elei\u00e7\u00f5es de 2026.<\/i><\/p>\n<hr>\n<p>No dia 28 de agosto de 2026, Natal da Ferrari, candidato a deputado estadual pelo PRD, participou do programa Fala Sodr\u00e9, apresentado por Carlos Roberto Sodr\u00e9. Durante a entrevista, ele abordou temas como representatividade regional, sa\u00fade e desenvolvimento econ\u00f4mico, destacando a import\u00e2ncia da participa\u00e7\u00e3o popular nas urnas.<\/p>\n<p>Natal ressaltou sua liga\u00e7\u00e3o com Ub\u00e1 e o compromisso de trabalhar pelo desenvolvimento da cidade e da regi\u00e3o. Segundo ele, a Zona da Mata precisa de mais representantes na Assembleia Legislativa de Minas Gerais, o que facilitaria o di\u00e1logo com o Governo do Estado e aumentaria a capacidade de atrair investimentos. &#8220;Cidades fortes dependem de lideran\u00e7as atuantes e comprometidas com as demandas locais&#8221;, afirmou.<\/p>\n<p>O candidato tamb\u00e9m comentou sobre sua experi\u00eancia nas elei\u00e7\u00f5es de 2022, que considerou um per\u00edodo de aprendizado. Ele acredita que a viv\u00eancia anterior o deixou mais preparado para a disputa de 2026. &#8220;Hoje aprendi muito e estou muito mais preparado para esta elei\u00e7\u00e3o&#8221;, disse Natal, que tem realizado visitas constantes aos munic\u00edpios da regi\u00e3o.<\/p>\n<p>Entre suas prioridades, Natal destacou a sa\u00fade, afirmando que \u00e9 essencial destinar recursos para hospitais e unidades de atendimento. Ele argumentou que fortalecer a sa\u00fade em Ub\u00e1 beneficia tamb\u00e9m cidades vizinhas. Al\u00e9m disso, defendeu a\u00e7\u00f5es para reduzir filas e ampliar o acesso ao atendimento especializado.<\/p>\n<p>A educa\u00e7\u00e3o e a qualifica\u00e7\u00e3o profissional tamb\u00e9m foram temas abordados. O candidato acredita que investir na forma\u00e7\u00e3o das novas gera\u00e7\u00f5es \u00e9 fundamental para o desenvolvimento econ\u00f4mico e social. Ele enfatizou a import\u00e2ncia de capacitar os jovens e apoiar iniciativas voltadas para eles. Durante a conversa, Natal ainda falou sobre a import\u00e2ncia do com\u00e9rcio e da ind\u00fastria, destacando sua experi\u00eancia como empres\u00e1rio para contribuir na formula\u00e7\u00e3o de pol\u00edticas p\u00fablicas que gerem emprego e renda na regi\u00e3o.<\/p>\n<p>Por fim, Natal fez um apelo \u00e0 popula\u00e7\u00e3o para que n\u00e3o deixe de votar, ressaltando que a participa\u00e7\u00e3o nas elei\u00e7\u00f5es \u00e9 crucial para fortalecer a voz da regi\u00e3o. Ele acredita que a uni\u00e3o entre lideran\u00e7as pol\u00edticas, empresariais e comunit\u00e1rias \u00e9 fundamental para que Ub\u00e1 conquiste mais espa\u00e7o nas decis\u00f5es do Estado.<\/p>\n","protected":false},"excerpt":{"rendered":"<p>Natal da Ferrari, candidato a deputado estadual pelo PRD, defende maior representatividade para Ub\u00e1 e a import\u00e2ncia da participa\u00e7\u00e3o popular nas elei\u00e7\u00f5es de 2026.<\/p>\n","protected":false},"author":5,"featured_media":3323,"comment_status":"closed","ping_status":"open","sticky":false,"template":"","format":"standard","meta":{"footnotes":""},"categories":[1360,4367,4383],"tags":[2059,3366,3369,6992,1265],"cidade_regiao":[],"guia_cidade":[],"class_list":["post-11963","post","type-post","status-publish","format-standard","has-post-thumbnail","hentry","category-politica","category-regionais","category-uba","tag-eleicoes-2026","tag-natal-da-ferrari","tag-prd","tag-representatividade","tag-uba"],"_links":{"self":[{"href":"https:\/\/guiacataguases.com.br\/nova\/wp-json\/wp\/v2\/posts\/11963","targetHints":{"allow":["GET"]}}],"collection":[{"href":"https:\/\/guiacataguases.com.br\/nova\/wp-json\/wp\/v2\/posts"}],"about":[{"href":"https:\/\/guiacataguases.com.br\/nova\/wp-json\/wp\/v2\/types\/post"}],"author":[{"embeddable":true,"href":"https:\/\/guiacataguases.com.br\/nova\/wp-json\/wp\/v2\/users\/5"}],"replies":[{"embeddable":true,"href":"https:\/\/guiacataguases.com.br\/nova\/wp-json\/wp\/v2\/comments?post=11963"}],"version-history":[{"count":0,"href":"https:\/\/guiacataguases.com.br\/nova\/wp-json\/wp\/v2\/posts\/11963\/revisions"}],"wp:featuredmedia":[{"embeddable":true,"href":"https:\/\/guiacataguases.com.br\/nova\/wp-json\/wp\/v2\/media\/3323"}],"wp:attachment":[{"href":"https:\/\/guiacataguases.com.br\/nova\/wp-json\/wp\/v2\/media?parent=11963"}],"wp:term":[{"taxonomy":"category","embeddable":true,"href":"https:\/\/guiacataguases.com.br\/nova\/wp-json\/wp\/v2\/categories?post=11963"},{"taxonomy":"post_tag","embeddable":true,"href":"https:\/\/guiacataguases.com.br\/nova\/wp-json\/wp\/v2\/tags?post=11963"},{"taxonomy":"cidade_regiao","embeddable":true,"href":"https:\/\/guiacataguases.com.br\/nova\/wp-json\/wp\/v2\/cidade_regiao?post=11963"},{"taxonomy":"guia_cidade","embeddable":true,"href":"https:\/\/guiacataguases.com.br\/nova\/wp-json\/wp\/v2\/guia_cidade?post=11963"}],"curies":[{"name":"wp","href":"https:\/\/api.w.org\/{rel}","templated":true}]}}