{"id":11972,"date":"2026-08-30T22:32:04","date_gmt":"2026-08-31T01:32:04","guid":{"rendered":"https:\/\/guiacataguases.com.br\/nova\/noticias\/cnc-e-sindicatos-pedem-cautela-em-debate-legislativo-sobre-escala-6x1\/"},"modified":"2026-08-30T22:32:04","modified_gmt":"2026-08-31T01:32:04","slug":"cnc-e-sindicatos-pedem-cautela-em-debate-legislativo-sobre-escala-6x1","status":"publish","type":"post","link":"https:\/\/guiacataguases.com.br\/nova\/noticias\/cnc-e-sindicatos-pedem-cautela-em-debate-legislativo-sobre-escala-6x1\/","title":{"rendered":"CNC e sindicatos pedem cautela em debate legislativo sobre escala 6&#215;1"},"content":{"rendered":"<p><i>Presidente da CNC destaca a import\u00e2ncia da responsabilidade nas decis\u00f5es legislativas<\/i><\/p>\n<hr>\n<p>A Confedera\u00e7\u00e3o Nacional do Com\u00e9rcio de Bens, Servi\u00e7os e Turismo (CNC), junto a federa\u00e7\u00f5es e sindicatos, lan\u00e7ou uma campanha pedindo cautela nas discuss\u00f5es legislativas sobre a proposta de escala 6&#215;1. O presidente do Sistema CNC-Sesc-Senac, Jos\u00e9 Roberto Tadros, enfatizou a necessidade de responsabilidade e pondera\u00e7\u00e3o durante o debate, visando proteger os interesses dos trabalhadores e do setor produtivo.<\/p>\n<p>A proposta de altera\u00e7\u00e3o nas escalas de trabalho gera preocupa\u00e7\u00f5es em rela\u00e7\u00e3o ao impacto que pode ter na economia e na vida dos trabalhadores. Tadros ressaltou que \u00e9 fundamental que as decis\u00f5es sejam tomadas com base em dados concretos e em di\u00e1logo com todas as partes envolvidas, garantindo assim um ambiente de trabalho saud\u00e1vel e produtivo.<\/p>\n<p>A campanha busca mobilizar as partes interessadas para que se unam em torno de um debate construtivo, evitando mudan\u00e7as que possam ser prejudiciais a longo prazo. O apelo \u00e9 que as discuss\u00f5es sejam conduzidas de forma transparente e respons\u00e1vel, priorizando a sa\u00fade econ\u00f4mica do estado de Minas Gerais e a qualidade de vida dos trabalhadores.<\/p>\n","protected":false},"excerpt":{"rendered":"<p>CNC e sindicatos pedem cautela em debate sobre escala 6&#215;1, destacando a import\u00e2ncia de decis\u00f5es respons\u00e1veis.<\/p>\n","protected":false},"author":5,"featured_media":3323,"comment_status":"closed","ping_status":"open","sticky":false,"template":"","format":"standard","meta":{"footnotes":""},"categories":[1360,4367],"tags":[8790,3513,1778,1316,6204],"cidade_regiao":[],"guia_cidade":[],"class_list":["post-11972","post","type-post","status-publish","format-standard","has-post-thumbnail","hentry","category-politica","category-regionais","tag-cnc","tag-escala-6x1","tag-legislacao","tag-minas-gerais","tag-sindicatos"],"_links":{"self":[{"href":"https:\/\/guiacataguases.com.br\/nova\/wp-json\/wp\/v2\/posts\/11972","targetHints":{"allow":["GET"]}}],"collection":[{"href":"https:\/\/guiacataguases.com.br\/nova\/wp-json\/wp\/v2\/posts"}],"about":[{"href":"https:\/\/guiacataguases.com.br\/nova\/wp-json\/wp\/v2\/types\/post"}],"author":[{"embeddable":true,"href":"https:\/\/guiacataguases.com.br\/nova\/wp-json\/wp\/v2\/users\/5"}],"replies":[{"embeddable":true,"href":"https:\/\/guiacataguases.com.br\/nova\/wp-json\/wp\/v2\/comments?post=11972"}],"version-history":[{"count":0,"href":"https:\/\/guiacataguases.com.br\/nova\/wp-json\/wp\/v2\/posts\/11972\/revisions"}],"wp:featuredmedia":[{"embeddable":true,"href":"https:\/\/guiacataguases.com.br\/nova\/wp-json\/wp\/v2\/media\/3323"}],"wp:attachment":[{"href":"https:\/\/guiacataguases.com.br\/nova\/wp-json\/wp\/v2\/media?parent=11972"}],"wp:term":[{"taxonomy":"category","embeddable":true,"href":"https:\/\/guiacataguases.com.br\/nova\/wp-json\/wp\/v2\/categories?post=11972"},{"taxonomy":"post_tag","embeddable":true,"href":"https:\/\/guiacataguases.com.br\/nova\/wp-json\/wp\/v2\/tags?post=11972"},{"taxonomy":"cidade_regiao","embeddable":true,"href":"https:\/\/guiacataguases.com.br\/nova\/wp-json\/wp\/v2\/cidade_regiao?post=11972"},{"taxonomy":"guia_cidade","embeddable":true,"href":"https:\/\/guiacataguases.com.br\/nova\/wp-json\/wp\/v2\/guia_cidade?post=11972"}],"curies":[{"name":"wp","href":"https:\/\/api.w.org\/{rel}","templated":true}]}}