{"id":11997,"date":"2026-08-31T10:32:20","date_gmt":"2026-08-31T13:32:20","guid":{"rendered":"https:\/\/guiacataguases.com.br\/nova\/noticias\/conta-de-luz-tera-bandeira-amarela-em-setembro-com-cobranca-extra\/"},"modified":"2026-08-31T10:32:20","modified_gmt":"2026-08-31T13:32:20","slug":"conta-de-luz-tera-bandeira-amarela-em-setembro-com-cobranca-extra","status":"publish","type":"post","link":"https:\/\/guiacataguases.com.br\/nova\/noticias\/conta-de-luz-tera-bandeira-amarela-em-setembro-com-cobranca-extra\/","title":{"rendered":"Conta de Luz ter\u00e1 Bandeira Amarela em Setembro com Cobran\u00e7a Extra"},"content":{"rendered":"<p><i>Consumidores devem se preparar para tarifa adicional na conta de energia.<\/i><\/p>\n<hr>\n<p>A conta de luz dos brasileiros ter\u00e1 bandeira amarela em setembro, o que significa que haver\u00e1 uma cobran\u00e7a extra na tarifa de energia. Essa bandeira indica que os custos de gera\u00e7\u00e3o de energia est\u00e3o mais altos, resultando em um acr\u00e9scimo na fatura mensal dos consumidores.<\/p>\n<p>Com a bandeira amarela, os consumidores pagar\u00e3o R$ 1,00 a mais a cada 100 kWh consumidos. A decis\u00e3o foi anunciada pela Ag\u00eancia Nacional de Energia El\u00e9trica (ANEEL), que monitora as condi\u00e7\u00f5es do sistema el\u00e9trico e os custos associados \u00e0 sua opera\u00e7\u00e3o.<\/p>\n<p>Os consumidores devem estar atentos \u00e0s suas contas, uma vez que a bandeira amarela se aplica a todos os consumidores do Sistema Interligado Nacional (SIN). A medida visa garantir a continuidade do fornecimento de energia, mesmo diante de desafios enfrentados pelo setor, como a varia\u00e7\u00e3o nas condi\u00e7\u00f5es clim\u00e1ticas e a demanda por eletricidade.<\/p>\n<p>A ANEEL ressalta que a altera\u00e7\u00e3o na bandeira tarif\u00e1ria \u00e9 uma a\u00e7\u00e3o necess\u00e1ria para equilibrar o sistema e evitar d\u00e9ficits que possam comprometer o fornecimento de energia. Portanto, \u00e9 importante que os consumidores se planejem financeiramente para essa cobran\u00e7a adicional durante o m\u00eas de setembro.<\/p>\n","protected":false},"excerpt":{"rendered":"<p>A conta de luz ter\u00e1 bandeira amarela em setembro, com cobran\u00e7a extra de R$ 1,00 a cada 100 kWh consumidos.<\/p>\n","protected":false},"author":5,"featured_media":3376,"comment_status":"closed","ping_status":"open","sticky":false,"template":"","format":"standard","meta":{"footnotes":""},"categories":[1366,4367],"tags":[3126,3824,8792,6929,2169],"cidade_regiao":[],"guia_cidade":[],"class_list":["post-11997","post","type-post","status-publish","format-standard","has-post-thumbnail","hentry","category-economia","category-regionais","tag-aneel","tag-bandeira-tarifaria","tag-cobranca-extra","tag-consumidores","tag-energia"],"_links":{"self":[{"href":"https:\/\/guiacataguases.com.br\/nova\/wp-json\/wp\/v2\/posts\/11997","targetHints":{"allow":["GET"]}}],"collection":[{"href":"https:\/\/guiacataguases.com.br\/nova\/wp-json\/wp\/v2\/posts"}],"about":[{"href":"https:\/\/guiacataguases.com.br\/nova\/wp-json\/wp\/v2\/types\/post"}],"author":[{"embeddable":true,"href":"https:\/\/guiacataguases.com.br\/nova\/wp-json\/wp\/v2\/users\/5"}],"replies":[{"embeddable":true,"href":"https:\/\/guiacataguases.com.br\/nova\/wp-json\/wp\/v2\/comments?post=11997"}],"version-history":[{"count":0,"href":"https:\/\/guiacataguases.com.br\/nova\/wp-json\/wp\/v2\/posts\/11997\/revisions"}],"wp:featuredmedia":[{"embeddable":true,"href":"https:\/\/guiacataguases.com.br\/nova\/wp-json\/wp\/v2\/media\/3376"}],"wp:attachment":[{"href":"https:\/\/guiacataguases.com.br\/nova\/wp-json\/wp\/v2\/media?parent=11997"}],"wp:term":[{"taxonomy":"category","embeddable":true,"href":"https:\/\/guiacataguases.com.br\/nova\/wp-json\/wp\/v2\/categories?post=11997"},{"taxonomy":"post_tag","embeddable":true,"href":"https:\/\/guiacataguases.com.br\/nova\/wp-json\/wp\/v2\/tags?post=11997"},{"taxonomy":"cidade_regiao","embeddable":true,"href":"https:\/\/guiacataguases.com.br\/nova\/wp-json\/wp\/v2\/cidade_regiao?post=11997"},{"taxonomy":"guia_cidade","embeddable":true,"href":"https:\/\/guiacataguases.com.br\/nova\/wp-json\/wp\/v2\/guia_cidade?post=11997"}],"curies":[{"name":"wp","href":"https:\/\/api.w.org\/{rel}","templated":true}]}}