{"id":11998,"date":"2026-08-31T10:32:26","date_gmt":"2026-08-31T13:32:26","guid":{"rendered":"https:\/\/guiacataguases.com.br\/nova\/noticias\/brasil-pode-enfrentar-seis-ondas-de-calor-ate-2026\/"},"modified":"2026-08-31T10:32:26","modified_gmt":"2026-08-31T13:32:26","slug":"brasil-pode-enfrentar-seis-ondas-de-calor-ate-2026","status":"publish","type":"post","link":"https:\/\/guiacataguases.com.br\/nova\/noticias\/brasil-pode-enfrentar-seis-ondas-de-calor-ate-2026\/","title":{"rendered":"Brasil pode enfrentar seis ondas de calor at\u00e9 2026"},"content":{"rendered":"<p><i>Estudo aponta aumento na frequ\u00eancia de eventos extremos de calor no pa\u00eds.<\/i><\/p>\n<hr>\n<p>Um novo estudo indica que o Brasil pode enfrentar pelo menos seis ondas de calor at\u00e9 o final de 2026. Os pesquisadores alertam que a frequ\u00eancia de eventos extremos de calor est\u00e1 aumentando, o que pode ter s\u00e9rias consequ\u00eancias para a sa\u00fade p\u00fablica e a agricultura.<\/p>\n<p>As ondas de calor s\u00e3o fen\u00f4menos clim\u00e1ticos que ocorrem quando temperaturas elevadas se mant\u00eam por um per\u00edodo prolongado. No Brasil, esses eventos podem ser especialmente prejudiciais, afetando n\u00e3o apenas a popula\u00e7\u00e3o, mas tamb\u00e9m as safras e a disponibilidade de \u00e1gua.<\/p>\n<p>Especialistas recomendam que medidas sejam tomadas para mitigar os efeitos das ondas de calor, incluindo campanhas de conscientiza\u00e7\u00e3o sobre a import\u00e2ncia da hidrata\u00e7\u00e3o e cuidados com a sa\u00fade durante per\u00edodos de altas temperaturas. Al\u00e9m disso, \u00e9 essencial que pol\u00edticas p\u00fablicas sejam implementadas para melhorar a infraestrutura urbana, reduzindo o impacto do calor nas cidades.<\/p>\n<p>Com o aumento das temperaturas globais, a expectativa \u00e9 que os fen\u00f4menos clim\u00e1ticos extremos se tornem mais frequentes e intensos, exigindo uma resposta r\u00e1pida e eficaz por parte das autoridades e da sociedade.<\/p>\n","protected":false},"excerpt":{"rendered":"<p>Estudo aponta que o Brasil pode enfrentar seis ondas de calor at\u00e9 2026, com impactos na sa\u00fade e na agricultura.<\/p>\n","protected":false},"author":5,"featured_media":3378,"comment_status":"closed","ping_status":"open","sticky":false,"template":"","format":"standard","meta":{"footnotes":""},"categories":[4367,1362],"tags":[3282,1647,8327,1477,1376],"cidade_regiao":[],"guia_cidade":[],"class_list":["post-11998","post","type-post","status-publish","format-standard","has-post-thumbnail","hentry","category-regionais","category-saude","tag-agricultura","tag-clima","tag-fenomenos-climaticos","tag-politicas-publicas","tag-saude"],"_links":{"self":[{"href":"https:\/\/guiacataguases.com.br\/nova\/wp-json\/wp\/v2\/posts\/11998","targetHints":{"allow":["GET"]}}],"collection":[{"href":"https:\/\/guiacataguases.com.br\/nova\/wp-json\/wp\/v2\/posts"}],"about":[{"href":"https:\/\/guiacataguases.com.br\/nova\/wp-json\/wp\/v2\/types\/post"}],"author":[{"embeddable":true,"href":"https:\/\/guiacataguases.com.br\/nova\/wp-json\/wp\/v2\/users\/5"}],"replies":[{"embeddable":true,"href":"https:\/\/guiacataguases.com.br\/nova\/wp-json\/wp\/v2\/comments?post=11998"}],"version-history":[{"count":0,"href":"https:\/\/guiacataguases.com.br\/nova\/wp-json\/wp\/v2\/posts\/11998\/revisions"}],"wp:featuredmedia":[{"embeddable":true,"href":"https:\/\/guiacataguases.com.br\/nova\/wp-json\/wp\/v2\/media\/3378"}],"wp:attachment":[{"href":"https:\/\/guiacataguases.com.br\/nova\/wp-json\/wp\/v2\/media?parent=11998"}],"wp:term":[{"taxonomy":"category","embeddable":true,"href":"https:\/\/guiacataguases.com.br\/nova\/wp-json\/wp\/v2\/categories?post=11998"},{"taxonomy":"post_tag","embeddable":true,"href":"https:\/\/guiacataguases.com.br\/nova\/wp-json\/wp\/v2\/tags?post=11998"},{"taxonomy":"cidade_regiao","embeddable":true,"href":"https:\/\/guiacataguases.com.br\/nova\/wp-json\/wp\/v2\/cidade_regiao?post=11998"},{"taxonomy":"guia_cidade","embeddable":true,"href":"https:\/\/guiacataguases.com.br\/nova\/wp-json\/wp\/v2\/guia_cidade?post=11998"}],"curies":[{"name":"wp","href":"https:\/\/api.w.org\/{rel}","templated":true}]}}