{"id":12000,"date":"2026-08-31T10:32:41","date_gmt":"2026-08-31T13:32:41","guid":{"rendered":"https:\/\/guiacataguases.com.br\/nova\/noticias\/candidatos-ao-governo-de-minas-tem-agenda-movimentada-nesta-segunda-feira\/"},"modified":"2026-08-31T10:32:41","modified_gmt":"2026-08-31T13:32:41","slug":"candidatos-ao-governo-de-minas-tem-agenda-movimentada-nesta-segunda-feira","status":"publish","type":"post","link":"https:\/\/guiacataguases.com.br\/nova\/noticias\/candidatos-ao-governo-de-minas-tem-agenda-movimentada-nesta-segunda-feira\/","title":{"rendered":"Candidatos ao governo de Minas t\u00eam agenda movimentada nesta segunda-feira"},"content":{"rendered":"<p><i>Entrevistas, visitas e caminhadas marcam o dia dos postulantes ao Pal\u00e1cio Tiradentes.<\/i><\/p>\n<hr>\n<p>Os candidatos ao governo de Minas Gerais est\u00e3o com uma agenda cheia nesta segunda-feira, 31 de agosto de 2026, com atividades que incluem entrevistas, caminhadas e visitas a institui\u00e7\u00f5es. Alexandre Kalil (PDT) inicia o dia com uma visita \u00e0 Funda\u00e7\u00e3o Ricardo Moys\u00e9s J\u00fanior, em Juiz de Fora, \u00e0s 10h, seguida por uma entrevista \u00e0 TV Integra\u00e7\u00e3o \u00e0s 11h. \u00c0s 12h30, ele far\u00e1 uma caminhada na Rua Halfeld, no Centro da cidade, e \u00e0s 13h, almo\u00e7ar\u00e1 com apoiadores. O candidato tamb\u00e9m tem um encontro agendado na Associa\u00e7\u00e3o Comercial de Juiz de Fora \u00e0s 14h30 e uma entrevista \u00e0 Tribuna de Minas \u00e0s 15h.<\/p>\n<p>Cleitinho (Republicanos) come\u00e7a sua jornada \u00e0s 8h com a grava\u00e7\u00e3o de material de campanha e, em seguida, se reunir\u00e1 com o prefeito de Montes Claros \u00e0s 9h30. \u00c0s 10h45, ele conceder\u00e1 uma entrevista \u00e0 Inter TV e, \u00e0 tarde, realizar\u00e1 caminhadas em Montes Claros e em Varginha, no Sul de Minas.<\/p>\n<p>Fl\u00e1vio Roscoe (PL) participa de um caf\u00e9 da manh\u00e3 com diretores da Associa\u00e7\u00e3o Empresarial de Uberl\u00e2ndia (ACIUB) \u00e0s 9h. Gabriel Azevedo (MDB) tem sua agenda marcada com entrevistas em Governador Valadares, incluindo uma participa\u00e7\u00e3o no Sempre um Papo 40 anos, em Belo Horizonte, \u00e0 noite.<\/p>\n<p>Outros candidatos, como Patrus Ananias (PT) e Rafael Duda (PSTU), tamb\u00e9m t\u00eam compromissos ao longo do dia, com almo\u00e7os e reuni\u00f5es com apoiadores. As agendas refletem a intensa movimenta\u00e7\u00e3o pol\u00edtica na corrida pelo governo de Minas, \u00e0 medida que as elei\u00e7\u00f5es se aproximam.<\/p>\n","protected":false},"excerpt":{"rendered":"<p>Candidatos ao governo de Minas t\u00eam diversas atividades programadas para esta segunda-feira, 31 de agosto.<\/p>\n","protected":false},"author":5,"featured_media":3323,"comment_status":"closed","ping_status":"open","sticky":false,"template":"","format":"standard","meta":{"footnotes":""},"categories":[1360,4367],"tags":[2167,6959,2059,1654,1316],"cidade_regiao":[],"guia_cidade":[],"class_list":["post-12000","post","type-post","status-publish","format-standard","has-post-thumbnail","hentry","category-politica","category-regionais","tag-campanha","tag-candidatos","tag-eleicoes-2026","tag-governo","tag-minas-gerais"],"_links":{"self":[{"href":"https:\/\/guiacataguases.com.br\/nova\/wp-json\/wp\/v2\/posts\/12000","targetHints":{"allow":["GET"]}}],"collection":[{"href":"https:\/\/guiacataguases.com.br\/nova\/wp-json\/wp\/v2\/posts"}],"about":[{"href":"https:\/\/guiacataguases.com.br\/nova\/wp-json\/wp\/v2\/types\/post"}],"author":[{"embeddable":true,"href":"https:\/\/guiacataguases.com.br\/nova\/wp-json\/wp\/v2\/users\/5"}],"replies":[{"embeddable":true,"href":"https:\/\/guiacataguases.com.br\/nova\/wp-json\/wp\/v2\/comments?post=12000"}],"version-history":[{"count":0,"href":"https:\/\/guiacataguases.com.br\/nova\/wp-json\/wp\/v2\/posts\/12000\/revisions"}],"wp:featuredmedia":[{"embeddable":true,"href":"https:\/\/guiacataguases.com.br\/nova\/wp-json\/wp\/v2\/media\/3323"}],"wp:attachment":[{"href":"https:\/\/guiacataguases.com.br\/nova\/wp-json\/wp\/v2\/media?parent=12000"}],"wp:term":[{"taxonomy":"category","embeddable":true,"href":"https:\/\/guiacataguases.com.br\/nova\/wp-json\/wp\/v2\/categories?post=12000"},{"taxonomy":"post_tag","embeddable":true,"href":"https:\/\/guiacataguases.com.br\/nova\/wp-json\/wp\/v2\/tags?post=12000"},{"taxonomy":"cidade_regiao","embeddable":true,"href":"https:\/\/guiacataguases.com.br\/nova\/wp-json\/wp\/v2\/cidade_regiao?post=12000"},{"taxonomy":"guia_cidade","embeddable":true,"href":"https:\/\/guiacataguases.com.br\/nova\/wp-json\/wp\/v2\/guia_cidade?post=12000"}],"curies":[{"name":"wp","href":"https:\/\/api.w.org\/{rel}","templated":true}]}}