{"id":12028,"date":"2026-08-31T22:33:14","date_gmt":"2026-09-01T01:33:14","guid":{"rendered":"https:\/\/guiacataguases.com.br\/nova\/noticias\/tre-mg-mantem-cassacao-de-adaelson-e-marcia-helena-em-mirai\/"},"modified":"2026-08-31T22:33:14","modified_gmt":"2026-09-01T01:33:14","slug":"tre-mg-mantem-cassacao-de-adaelson-e-marcia-helena-em-mirai","status":"publish","type":"post","link":"https:\/\/guiacataguases.com.br\/nova\/noticias\/tre-mg-mantem-cassacao-de-adaelson-e-marcia-helena-em-mirai\/","title":{"rendered":"TRE-MG mant\u00e9m cassa\u00e7\u00e3o de Adaelson e M\u00e1rcia Helena em Mira\u00ed"},"content":{"rendered":"<p><i>Decis\u00e3o do Tribunal altera cen\u00e1rio pol\u00edtico na cidade e provoca rea\u00e7\u00f5es entre os eleitores.<\/i><\/p>\n<hr>\n<p>O Tribunal Regional Eleitoral de Minas Gerais (TRE-MG) decidiu manter a cassa\u00e7\u00e3o dos mandatos do prefeito Adaelson e da vice-prefeita M\u00e1rcia Helena, em uma a\u00e7\u00e3o que impacta diretamente a administra\u00e7\u00e3o municipal de Mira\u00ed. A decis\u00e3o foi proferida em sess\u00e3o realizada na \u00faltima ter\u00e7a-feira, 24 de outubro de 2023, e confirma a validade das acusa\u00e7\u00f5es que levaram \u00e0 perda dos cargos.<\/p>\n<p>Com a manuten\u00e7\u00e3o da cassa\u00e7\u00e3o, a cidade de Mira\u00ed dever\u00e1 passar por um novo processo eleitoral para preencher os cargos vacantes. A medida gera expectativa entre os eleitores, que agora aguardam informa\u00e7\u00f5es sobre as pr\u00f3ximas etapas do processo eleitoral. A situa\u00e7\u00e3o tamb\u00e9m levanta discuss\u00f5es sobre a continuidade de projetos e a\u00e7\u00f5es que estavam em andamento na gest\u00e3o anterior.<\/p>\n<p>Adaelson e M\u00e1rcia Helena, que foram eleitos em 2020, enfrentaram a cassa\u00e7\u00e3o devido a irregularidades apontadas durante a campanha eleitoral. A decis\u00e3o do TRE-MG \u00e9 definitiva e n\u00e3o cabe mais recurso, o que significa que a mudan\u00e7a na administra\u00e7\u00e3o municipal \u00e9 iminente.<\/p>\n<p>A popula\u00e7\u00e3o de Mira\u00ed se mobiliza em torno do tema, com opini\u00f5es divididas sobre a atua\u00e7\u00e3o da gest\u00e3o anterior e as expectativas para a nova elei\u00e7\u00e3o. A situa\u00e7\u00e3o pol\u00edtica da cidade se torna um ponto central de debate entre os cidad\u00e3os, que buscam entender as implica\u00e7\u00f5es dessa decis\u00e3o na vida p\u00fablica local.<\/p>\n","protected":false},"excerpt":{"rendered":"<p>TRE-MG confirma a cassa\u00e7\u00e3o dos mandatos do prefeito Adaelson e da vice M\u00e1rcia Helena, impactando a pol\u00edtica em Mira\u00ed.<\/p>\n","protected":false},"author":5,"featured_media":3322,"comment_status":"closed","ping_status":"open","sticky":false,"template":"","format":"standard","meta":{"footnotes":""},"categories":[8056,1360,4367],"tags":[2485,1903,1467,1678,2324],"cidade_regiao":[],"guia_cidade":[],"class_list":["post-12028","post","type-post","status-publish","format-standard","has-post-thumbnail","hentry","category-mirai","category-politica","category-regionais","tag-administracao-publica","tag-cassacao","tag-eleicao","tag-mirai","tag-tre-mg"],"_links":{"self":[{"href":"https:\/\/guiacataguases.com.br\/nova\/wp-json\/wp\/v2\/posts\/12028","targetHints":{"allow":["GET"]}}],"collection":[{"href":"https:\/\/guiacataguases.com.br\/nova\/wp-json\/wp\/v2\/posts"}],"about":[{"href":"https:\/\/guiacataguases.com.br\/nova\/wp-json\/wp\/v2\/types\/post"}],"author":[{"embeddable":true,"href":"https:\/\/guiacataguases.com.br\/nova\/wp-json\/wp\/v2\/users\/5"}],"replies":[{"embeddable":true,"href":"https:\/\/guiacataguases.com.br\/nova\/wp-json\/wp\/v2\/comments?post=12028"}],"version-history":[{"count":0,"href":"https:\/\/guiacataguases.com.br\/nova\/wp-json\/wp\/v2\/posts\/12028\/revisions"}],"wp:featuredmedia":[{"embeddable":true,"href":"https:\/\/guiacataguases.com.br\/nova\/wp-json\/wp\/v2\/media\/3322"}],"wp:attachment":[{"href":"https:\/\/guiacataguases.com.br\/nova\/wp-json\/wp\/v2\/media?parent=12028"}],"wp:term":[{"taxonomy":"category","embeddable":true,"href":"https:\/\/guiacataguases.com.br\/nova\/wp-json\/wp\/v2\/categories?post=12028"},{"taxonomy":"post_tag","embeddable":true,"href":"https:\/\/guiacataguases.com.br\/nova\/wp-json\/wp\/v2\/tags?post=12028"},{"taxonomy":"cidade_regiao","embeddable":true,"href":"https:\/\/guiacataguases.com.br\/nova\/wp-json\/wp\/v2\/cidade_regiao?post=12028"},{"taxonomy":"guia_cidade","embeddable":true,"href":"https:\/\/guiacataguases.com.br\/nova\/wp-json\/wp\/v2\/guia_cidade?post=12028"}],"curies":[{"name":"wp","href":"https:\/\/api.w.org\/{rel}","templated":true}]}}