{"id":12031,"date":"2026-08-31T22:33:47","date_gmt":"2026-09-01T01:33:47","guid":{"rendered":"https:\/\/guiacataguases.com.br\/nova\/noticias\/previsao-do-tempo-indica-ceu-nublado-e-temperaturas-variadas-em-juiz-de-fora\/"},"modified":"2026-08-31T22:33:47","modified_gmt":"2026-09-01T01:33:47","slug":"previsao-do-tempo-indica-ceu-nublado-e-temperaturas-variadas-em-juiz-de-fora","status":"publish","type":"post","link":"https:\/\/guiacataguases.com.br\/nova\/noticias\/previsao-do-tempo-indica-ceu-nublado-e-temperaturas-variadas-em-juiz-de-fora\/","title":{"rendered":"Previs\u00e3o do tempo indica c\u00e9u nublado e temperaturas variadas em Juiz de Fora"},"content":{"rendered":"<p><i>\u00c1rea de baixa press\u00e3o traz chuvas e amplitude t\u00e9rmica \u00e0 regi\u00e3o at\u00e9 ter\u00e7a-feira.<\/i><\/p>\n<hr>\n<p>Juiz de Fora, 31 de agosto de 2026 \u2013 A previs\u00e3o do tempo para os pr\u00f3ximos dias em Juiz de Fora indica a continuidade de um cavado, uma \u00e1rea de baixa press\u00e3o que afeta a regi\u00e3o desde a manh\u00e3 desta segunda-feira. As chuvas devem persistir at\u00e9 ter\u00e7a-feira (1), trazendo nebulosidade para toda a Zona da Mata e Campo das Vertentes.<\/p>\n<p>A partir de quarta-feira (2), o cavado perder\u00e1 for\u00e7a, e a previs\u00e3o \u00e9 de um ar seco e relativamente frio na regi\u00e3o. O c\u00e9u deve ficar parcialmente nublado na quinta-feira (3), enquanto que na sexta-feira (4), apesar da nebulosidade, haver\u00e1 uma maior amplitude t\u00e9rmica, com manh\u00e3s mais frias e temperaturas elevadas \u00e0 tarde.<\/p>\n<p>As temperaturas m\u00ednimas e m\u00e1ximas esperadas para Juiz de Fora durante a semana s\u00e3o as seguintes: na segunda-feira, entre 17\u00b0C e 22\u00b0C; na ter\u00e7a-feira, entre 17\u00b0C e 24\u00b0C; na quarta-feira, entre 11\u00b0C e 19\u00b0C; na quinta-feira, entre 10\u00b0C e 20\u00b0C; e na sexta-feira, entre 9\u00b0C e 25\u00b0C. As varia\u00e7\u00f5es t\u00e9rmicas s\u00e3o um reflexo das condi\u00e7\u00f5es clim\u00e1ticas atuais, que prometem trazer dias de temperaturas contrastantes.<\/p>\n","protected":false},"excerpt":{"rendered":"<p>A previs\u00e3o do tempo para Juiz de Fora indica c\u00e9u nublado e chuvas at\u00e9 ter\u00e7a-feira, com varia\u00e7\u00e3o de temperaturas ao longo da semana.<\/p>\n","protected":false},"author":5,"featured_media":3315,"comment_status":"closed","ping_status":"open","sticky":false,"template":"","format":"standard","meta":{"footnotes":""},"categories":[8070,4367,1362],"tags":[1647,1264,1721,1315,1266],"cidade_regiao":[],"guia_cidade":[],"class_list":["post-12031","post","type-post","status-publish","format-standard","has-post-thumbnail","hentry","category-juiz-de-fora","category-regionais","category-saude","tag-clima","tag-juiz-de-fora","tag-meteorologia","tag-previsao-do-tempo","tag-zona-da-mata"],"_links":{"self":[{"href":"https:\/\/guiacataguases.com.br\/nova\/wp-json\/wp\/v2\/posts\/12031","targetHints":{"allow":["GET"]}}],"collection":[{"href":"https:\/\/guiacataguases.com.br\/nova\/wp-json\/wp\/v2\/posts"}],"about":[{"href":"https:\/\/guiacataguases.com.br\/nova\/wp-json\/wp\/v2\/types\/post"}],"author":[{"embeddable":true,"href":"https:\/\/guiacataguases.com.br\/nova\/wp-json\/wp\/v2\/users\/5"}],"replies":[{"embeddable":true,"href":"https:\/\/guiacataguases.com.br\/nova\/wp-json\/wp\/v2\/comments?post=12031"}],"version-history":[{"count":0,"href":"https:\/\/guiacataguases.com.br\/nova\/wp-json\/wp\/v2\/posts\/12031\/revisions"}],"wp:featuredmedia":[{"embeddable":true,"href":"https:\/\/guiacataguases.com.br\/nova\/wp-json\/wp\/v2\/media\/3315"}],"wp:attachment":[{"href":"https:\/\/guiacataguases.com.br\/nova\/wp-json\/wp\/v2\/media?parent=12031"}],"wp:term":[{"taxonomy":"category","embeddable":true,"href":"https:\/\/guiacataguases.com.br\/nova\/wp-json\/wp\/v2\/categories?post=12031"},{"taxonomy":"post_tag","embeddable":true,"href":"https:\/\/guiacataguases.com.br\/nova\/wp-json\/wp\/v2\/tags?post=12031"},{"taxonomy":"cidade_regiao","embeddable":true,"href":"https:\/\/guiacataguases.com.br\/nova\/wp-json\/wp\/v2\/cidade_regiao?post=12031"},{"taxonomy":"guia_cidade","embeddable":true,"href":"https:\/\/guiacataguases.com.br\/nova\/wp-json\/wp\/v2\/guia_cidade?post=12031"}],"curies":[{"name":"wp","href":"https:\/\/api.w.org\/{rel}","templated":true}]}}