{"id":12032,"date":"2026-08-31T22:33:54","date_gmt":"2026-09-01T01:33:54","guid":{"rendered":"https:\/\/guiacataguases.com.br\/nova\/noticias\/alexandre-kalil-apresenta-propostas-para-minas-em-entrevista-ao-mg1\/"},"modified":"2026-08-31T22:33:54","modified_gmt":"2026-09-01T01:33:54","slug":"alexandre-kalil-apresenta-propostas-para-minas-em-entrevista-ao-mg1","status":"publish","type":"post","link":"https:\/\/guiacataguases.com.br\/nova\/noticias\/alexandre-kalil-apresenta-propostas-para-minas-em-entrevista-ao-mg1\/","title":{"rendered":"Alexandre Kalil apresenta propostas para Minas em entrevista ao MG1"},"content":{"rendered":"<p><i>Candidato ao governo de Minas defende revis\u00e3o de subs\u00eddios e descentraliza\u00e7\u00e3o na sa\u00fade<\/i><\/p>\n<hr>\n<p>O candidato ao governo de Minas Gerais, Alexandre Kalil, do PDT, foi o primeiro entrevistado da s\u00e9rie promovida pela TV Integra\u00e7\u00e3o, no programa MG1, nesta segunda-feira (31). Durante a entrevista, Kalil apresentou suas propostas de governo, abordando quest\u00f5es econ\u00f4micas, de sa\u00fade, seguran\u00e7a p\u00fablica e educa\u00e7\u00e3o.<\/p>\n<p>Em rela\u00e7\u00e3o \u00e0 economia, Kalil destacou a necessidade de discutir a d\u00edvida p\u00fablica do estado, que atualmente \u00e9 de cerca de R$ 200 bilh\u00f5es. Ele prop\u00f4s a forma\u00e7\u00e3o de um gabinete de crise para rever os subs\u00eddios concedidos a grandes empresas, afirmando: &#8220;Para tirar Minas Gerais da d\u00edvida, \u00e9 preciso primeiro rever todos os subs\u00eddios&#8221;. O candidato tamb\u00e9m se posicionou favoravelmente \u00e0 privatiza\u00e7\u00e3o, desde que realizada de forma transparente e n\u00e3o em momentos cr\u00edticos.<\/p>\n<p>Na \u00e1rea da sa\u00fade, Kalil enfatizou a import\u00e2ncia de descentralizar atendimentos, como a pediatria oncol\u00f3gica, para evitar que pacientes precisem viajar para Belo Horizonte. Ele criticou a atual regulamenta\u00e7\u00e3o de vagas na sa\u00fade, que, segundo ele, piorou a situa\u00e7\u00e3o j\u00e1 delicada do sistema de sa\u00fade no estado.<\/p>\n<p>Kalil tamb\u00e9m abordou a seguran\u00e7a p\u00fablica, prometendo aumentar o efetivo policial e reabrir delegacias 24 horas, especialmente para atender mulheres v\u00edtimas de viol\u00eancia. Ele mencionou que faltam cerca de 8 mil policiais civis em Minas Gerais e que \u00e9 necess\u00e1rio melhorar as condi\u00e7\u00f5es de trabalho dos profissionais da seguran\u00e7a.<\/p>\n<p>Em educa\u00e7\u00e3o, o candidato defendeu a qualifica\u00e7\u00e3o dos professores e a cria\u00e7\u00e3o de um plano de carreira, sem prometer aumento salarial imediato. Ele ressaltou a import\u00e2ncia de tornar as escolas mais atrativas para os alunos e de integrar o ensino b\u00e1sico com o superior.<\/p>\n<p>Ao final da entrevista, Kalil expressou solidariedade \u00e0s v\u00edtimas das chuvas que afetaram a regi\u00e3o, reiterando seu compromisso com a reconstru\u00e7\u00e3o das \u00e1reas impactadas. &#8220;Quero me solidarizar com tudo que aconteceu. Como governador, vamos lutar desesperadamente para que essa regi\u00e3o t\u00e3o linda volte a ser o que sempre foi&#8221;, concluiu.<\/p>\n","protected":false},"excerpt":{"rendered":"<p>Alexandre Kalil, candidato ao governo de Minas, apresenta propostas em entrevista ao MG1, abordando economia, sa\u00fade, seguran\u00e7a e educa\u00e7\u00e3o.<\/p>\n","protected":false},"author":5,"featured_media":3323,"comment_status":"closed","ping_status":"open","sticky":false,"template":"","format":"standard","meta":{"footnotes":""},"categories":[1360,4367],"tags":[2058,2059,2381,1316,3210],"cidade_regiao":[],"guia_cidade":[],"class_list":["post-12032","post","type-post","status-publish","format-standard","has-post-thumbnail","hentry","category-politica","category-regionais","tag-alexandre-kalil","tag-eleicoes-2026","tag-entrevista","tag-minas-gerais","tag-pdt"],"_links":{"self":[{"href":"https:\/\/guiacataguases.com.br\/nova\/wp-json\/wp\/v2\/posts\/12032","targetHints":{"allow":["GET"]}}],"collection":[{"href":"https:\/\/guiacataguases.com.br\/nova\/wp-json\/wp\/v2\/posts"}],"about":[{"href":"https:\/\/guiacataguases.com.br\/nova\/wp-json\/wp\/v2\/types\/post"}],"author":[{"embeddable":true,"href":"https:\/\/guiacataguases.com.br\/nova\/wp-json\/wp\/v2\/users\/5"}],"replies":[{"embeddable":true,"href":"https:\/\/guiacataguases.com.br\/nova\/wp-json\/wp\/v2\/comments?post=12032"}],"version-history":[{"count":0,"href":"https:\/\/guiacataguases.com.br\/nova\/wp-json\/wp\/v2\/posts\/12032\/revisions"}],"wp:featuredmedia":[{"embeddable":true,"href":"https:\/\/guiacataguases.com.br\/nova\/wp-json\/wp\/v2\/media\/3323"}],"wp:attachment":[{"href":"https:\/\/guiacataguases.com.br\/nova\/wp-json\/wp\/v2\/media?parent=12032"}],"wp:term":[{"taxonomy":"category","embeddable":true,"href":"https:\/\/guiacataguases.com.br\/nova\/wp-json\/wp\/v2\/categories?post=12032"},{"taxonomy":"post_tag","embeddable":true,"href":"https:\/\/guiacataguases.com.br\/nova\/wp-json\/wp\/v2\/tags?post=12032"},{"taxonomy":"cidade_regiao","embeddable":true,"href":"https:\/\/guiacataguases.com.br\/nova\/wp-json\/wp\/v2\/cidade_regiao?post=12032"},{"taxonomy":"guia_cidade","embeddable":true,"href":"https:\/\/guiacataguases.com.br\/nova\/wp-json\/wp\/v2\/guia_cidade?post=12032"}],"curies":[{"name":"wp","href":"https:\/\/api.w.org\/{rel}","templated":true}]}}