{"id":12050,"date":"2026-09-01T00:31:33","date_gmt":"2026-09-01T03:31:33","guid":{"rendered":"https:\/\/guiacataguases.com.br\/nova\/noticias\/natal-da-ferrari-lanca-campanha-a-deputado-estadual-em-uba\/"},"modified":"2026-09-01T00:31:33","modified_gmt":"2026-09-01T03:31:33","slug":"natal-da-ferrari-lanca-campanha-a-deputado-estadual-em-uba","status":"publish","type":"post","link":"https:\/\/guiacataguases.com.br\/nova\/noticias\/natal-da-ferrari-lanca-campanha-a-deputado-estadual-em-uba\/","title":{"rendered":"Natal da Ferrari lan\u00e7a campanha a deputado estadual em Ub\u00e1"},"content":{"rendered":"<p><i>Evento reuniu lideran\u00e7as da Zona da Mata e destacou a necessidade de representa\u00e7\u00e3o pol\u00edtica<\/i><\/p>\n<hr>\n<p>O candidato a deputado estadual Natal da Ferrari (PRD) lan\u00e7ou oficialmente sua campanha em um evento realizado no Restaurante Bra\u00fanas, em Ub\u00e1, no \u00faltimo domingo, 30 de agosto. O encontro contou com a presen\u00e7a de apoiadores e lideran\u00e7as pol\u00edticas de diversas cidades da Zona da Mata, al\u00e9m do candidato a deputado federal Thiago Ganem (PL). Durante a programa\u00e7\u00e3o, foi realizada uma adesiva\u00e7\u00e3o no estacionamento ao lado da Feira Livre, envolvendo os participantes na mobiliza\u00e7\u00e3o em torno das candidaturas.<\/p>\n<p>Silber Silveira, coordenador-geral da campanha e ex-presidente da Associa\u00e7\u00e3o Comercial e Industrial de Ub\u00e1 (ACIUB), destacou a uni\u00e3o regional em torno da candidatura de Natal. Ele enfatizou que a proposta do candidato vai al\u00e9m dos limites de Ub\u00e1, abordando quest\u00f5es como sa\u00fade, estradas e desenvolvimento regional. &#8220;Nenhum de n\u00f3s \u00e9 melhor do que todos n\u00f3s. Vamos juntos, Natal da Ferrari e Thiago Ganem&#8221;, afirmou.<\/p>\n<p>O vereador de Ub\u00e1, Alexandre de Barros Mendes, conhecido como Lek (Republicanos), tamb\u00e9m manifestou seu apoio, ressaltando a import\u00e2ncia de Ub\u00e1 ter representa\u00e7\u00e3o na Assembleia Legislativa de Minas Gerais. Ele descreveu Natal como uma pessoa simples e trabalhadora, apta a atender as demandas do munic\u00edpio.<\/p>\n<p>O evento ainda contou com a participa\u00e7\u00e3o de outras lideran\u00e7as, como o Comandante Claudiomir da Mirainox, que destacou a necessidade de um representante que cobre investimentos para a Zona da Mata, e Miguel Batista, ex-presidente da ACIUB, que ressaltou a confian\u00e7a na trajet\u00f3ria de Natal.<\/p>\n<p>Encerrando o evento, Natal da Ferrari fez um discurso sobre sua trajet\u00f3ria e os motivos que o levaram a se candidatar. Ele enfatizou a import\u00e2ncia de um mandato focado nas necessidades da regi\u00e3o, prometendo atuar em quest\u00f5es como sa\u00fade, infraestrutura e seguran\u00e7a p\u00fablica. Com as elei\u00e7\u00f5es se aproximando, Natal concluiu pedindo apoio para sua candidatura, enfatizando a parceria com Thiago Ganem e a necessidade de uma representa\u00e7\u00e3o forte para a Zona da Mata.<\/p>\n","protected":false},"excerpt":{"rendered":"<p>Natal da Ferrari lan\u00e7ou sua campanha a deputado estadual em Ub\u00e1, destacando a necessidade de representatividade pol\u00edtica na regi\u00e3o.<\/p>\n","protected":false},"author":5,"featured_media":3322,"comment_status":"closed","ping_status":"open","sticky":false,"template":"","format":"standard","meta":{"footnotes":""},"categories":[1360,4367,4383],"tags":[2511,2059,3366,1584,1266],"cidade_regiao":[],"guia_cidade":[],"class_list":["post-12050","post","type-post","status-publish","format-standard","has-post-thumbnail","hentry","category-politica","category-regionais","category-uba","tag-candidatura","tag-eleicoes-2026","tag-natal-da-ferrari","tag-politica","tag-zona-da-mata"],"_links":{"self":[{"href":"https:\/\/guiacataguases.com.br\/nova\/wp-json\/wp\/v2\/posts\/12050","targetHints":{"allow":["GET"]}}],"collection":[{"href":"https:\/\/guiacataguases.com.br\/nova\/wp-json\/wp\/v2\/posts"}],"about":[{"href":"https:\/\/guiacataguases.com.br\/nova\/wp-json\/wp\/v2\/types\/post"}],"author":[{"embeddable":true,"href":"https:\/\/guiacataguases.com.br\/nova\/wp-json\/wp\/v2\/users\/5"}],"replies":[{"embeddable":true,"href":"https:\/\/guiacataguases.com.br\/nova\/wp-json\/wp\/v2\/comments?post=12050"}],"version-history":[{"count":0,"href":"https:\/\/guiacataguases.com.br\/nova\/wp-json\/wp\/v2\/posts\/12050\/revisions"}],"wp:featuredmedia":[{"embeddable":true,"href":"https:\/\/guiacataguases.com.br\/nova\/wp-json\/wp\/v2\/media\/3322"}],"wp:attachment":[{"href":"https:\/\/guiacataguases.com.br\/nova\/wp-json\/wp\/v2\/media?parent=12050"}],"wp:term":[{"taxonomy":"category","embeddable":true,"href":"https:\/\/guiacataguases.com.br\/nova\/wp-json\/wp\/v2\/categories?post=12050"},{"taxonomy":"post_tag","embeddable":true,"href":"https:\/\/guiacataguases.com.br\/nova\/wp-json\/wp\/v2\/tags?post=12050"},{"taxonomy":"cidade_regiao","embeddable":true,"href":"https:\/\/guiacataguases.com.br\/nova\/wp-json\/wp\/v2\/cidade_regiao?post=12050"},{"taxonomy":"guia_cidade","embeddable":true,"href":"https:\/\/guiacataguases.com.br\/nova\/wp-json\/wp\/v2\/guia_cidade?post=12050"}],"curies":[{"name":"wp","href":"https:\/\/api.w.org\/{rel}","templated":true}]}}