{"id":12061,"date":"2026-09-01T08:31:38","date_gmt":"2026-09-01T11:31:38","guid":{"rendered":"https:\/\/guiacataguases.com.br\/nova\/noticias\/fiscalizacao-do-crlv-2026-inicia-nesta-terca-feira-em-minas-gerais\/"},"modified":"2026-09-01T08:31:38","modified_gmt":"2026-09-01T11:31:38","slug":"fiscalizacao-do-crlv-2026-inicia-nesta-terca-feira-em-minas-gerais","status":"publish","type":"post","link":"https:\/\/guiacataguases.com.br\/nova\/noticias\/fiscalizacao-do-crlv-2026-inicia-nesta-terca-feira-em-minas-gerais\/","title":{"rendered":"Fiscaliza\u00e7\u00e3o do CRLV 2026 inicia nesta ter\u00e7a-feira em Minas Gerais"},"content":{"rendered":"<p><i>Calend\u00e1rio de fiscaliza\u00e7\u00e3o est\u00e1 dispon\u00edvel para consulta<\/i><\/p>\n<hr>\n<p>A fiscaliza\u00e7\u00e3o do Certificado de Registro e Licenciamento de Ve\u00edculo (CRLV) 2026 come\u00e7a nesta ter\u00e7a-feira, em Minas Gerais. O Departamento de Tr\u00e2nsito de Minas Gerais (Detran-MG) informou que o calend\u00e1rio de fiscaliza\u00e7\u00e3o foi elaborado para organizar as atividades de licenciamento dos ve\u00edculos no estado.<\/p>\n<p>Os propriet\u00e1rios de ve\u00edculos devem ficar atentos \u00e0s datas de fiscaliza\u00e7\u00e3o, que variam de acordo com o final da placa. O Detran-MG recomenda que os condutores realizem a regulariza\u00e7\u00e3o do licenciamento o quanto antes, evitando multas e complica\u00e7\u00f5es futuras.<\/p>\n<p>Al\u00e9m do CRLV, a fiscaliza\u00e7\u00e3o tamb\u00e9m abordar\u00e1 outros aspectos relacionados \u00e0 seguran\u00e7a no tr\u00e2nsito. O Detran-MG destaca a import\u00e2ncia da documenta\u00e7\u00e3o em dia para a circula\u00e7\u00e3o dos ve\u00edculos, visando a seguran\u00e7a de todos os usu\u00e1rios das vias.<\/p>\n<p>Para mais informa\u00e7\u00f5es sobre o calend\u00e1rio e os procedimentos necess\u00e1rios, os motoristas podem acessar o site oficial do Detran-MG, onde est\u00e3o dispon\u00edveis detalhes completos sobre a fiscaliza\u00e7\u00e3o e o licenciamento dos ve\u00edculos.<\/p>\n","protected":false},"excerpt":{"rendered":"<p>In\u00edcio da fiscaliza\u00e7\u00e3o do CRLV 2026 em Minas Gerais ocorre nesta ter\u00e7a-feira.<\/p>\n","protected":false},"author":5,"featured_media":3437,"comment_status":"closed","ping_status":"open","sticky":false,"template":"","format":"standard","meta":{"footnotes":""},"categories":[1361,4367],"tags":[7386,1684,1752,8813,1316],"cidade_regiao":[],"guia_cidade":[],"class_list":["post-12061","post","type-post","status-publish","format-standard","has-post-thumbnail","hentry","category-policia","category-regionais","tag-crlv","tag-detran-mg","tag-fiscalizacao","tag-licenciamento","tag-minas-gerais"],"_links":{"self":[{"href":"https:\/\/guiacataguases.com.br\/nova\/wp-json\/wp\/v2\/posts\/12061","targetHints":{"allow":["GET"]}}],"collection":[{"href":"https:\/\/guiacataguases.com.br\/nova\/wp-json\/wp\/v2\/posts"}],"about":[{"href":"https:\/\/guiacataguases.com.br\/nova\/wp-json\/wp\/v2\/types\/post"}],"author":[{"embeddable":true,"href":"https:\/\/guiacataguases.com.br\/nova\/wp-json\/wp\/v2\/users\/5"}],"replies":[{"embeddable":true,"href":"https:\/\/guiacataguases.com.br\/nova\/wp-json\/wp\/v2\/comments?post=12061"}],"version-history":[{"count":0,"href":"https:\/\/guiacataguases.com.br\/nova\/wp-json\/wp\/v2\/posts\/12061\/revisions"}],"wp:featuredmedia":[{"embeddable":true,"href":"https:\/\/guiacataguases.com.br\/nova\/wp-json\/wp\/v2\/media\/3437"}],"wp:attachment":[{"href":"https:\/\/guiacataguases.com.br\/nova\/wp-json\/wp\/v2\/media?parent=12061"}],"wp:term":[{"taxonomy":"category","embeddable":true,"href":"https:\/\/guiacataguases.com.br\/nova\/wp-json\/wp\/v2\/categories?post=12061"},{"taxonomy":"post_tag","embeddable":true,"href":"https:\/\/guiacataguases.com.br\/nova\/wp-json\/wp\/v2\/tags?post=12061"},{"taxonomy":"cidade_regiao","embeddable":true,"href":"https:\/\/guiacataguases.com.br\/nova\/wp-json\/wp\/v2\/cidade_regiao?post=12061"},{"taxonomy":"guia_cidade","embeddable":true,"href":"https:\/\/guiacataguases.com.br\/nova\/wp-json\/wp\/v2\/guia_cidade?post=12061"}],"curies":[{"name":"wp","href":"https:\/\/api.w.org\/{rel}","templated":true}]}}