{"id":12073,"date":"2026-09-01T11:33:30","date_gmt":"2026-09-01T14:33:30","guid":{"rendered":"https:\/\/guiacataguases.com.br\/nova\/noticias\/candidatos-ao-governo-de-minas-tem-agenda-cheia-nesta-terca-feira\/"},"modified":"2026-09-01T11:33:30","modified_gmt":"2026-09-01T14:33:30","slug":"candidatos-ao-governo-de-minas-tem-agenda-cheia-nesta-terca-feira","status":"publish","type":"post","link":"https:\/\/guiacataguases.com.br\/nova\/noticias\/candidatos-ao-governo-de-minas-tem-agenda-cheia-nesta-terca-feira\/","title":{"rendered":"Candidatos ao governo de Minas t\u00eam agenda cheia nesta ter\u00e7a-feira"},"content":{"rendered":"<p><i>Entrevistas e reuni\u00f5es marcam o dia dos postulantes ao Pal\u00e1cio Tiradentes.<\/i><\/p>\n<hr>\n<p>Os candidatos ao governo de Minas Gerais t\u00eam uma agenda movimentada nesta ter\u00e7a-feira, 1\u00ba de setembro de 2026, com entrevistas, caminhadas e encontros programados em diversas cidades do estado.<\/p>\n<p>Alexandre Kalil (PDT) inicia seu dia com uma entrevista na R\u00e1dio Universit\u00e1ria Unimontes, em Montes Claros, \u00e0s 9h. Em seguida, ele participa de um encontro na Associa\u00e7\u00e3o Comercial, Industrial e de Servi\u00e7os de Montes Claros, seguido por uma caminhada pelo Mercado Municipal. \u00c0 tarde, Kalil ainda conceder\u00e1 entrevistas a uma afiliada da TV Globo e ao portal WebTerra, antes de se reunir com o prefeito e a vice-prefeita de Bocai\u00fava.<\/p>\n<p>Ben Mendes (Miss\u00e3o) e Cleitinho (Republicanos) tamb\u00e9m t\u00eam compromissos importantes. Mendes realiza uma entrevista \u00e0 R\u00e1dio Jovem Pan \u00e0s 15h, enquanto Cleitinho participa de uma entrevista ao EPTV Sul de Minas \u00e0s 10h30 e se apresenta no Plen\u00e1rio do Senado Federal \u00e0s 14h.<\/p>\n<p>Fl\u00e1vio Roscoe (PL) estar\u00e1 em Varginha, no Sul de Minas, participando do evento Compra Minas \u00e0s 10h e concedendo uma entrevista \u00e0 TV Record ao meio-dia. Gabriel Azevedo (MDB) tem compromissos em Uberl\u00e2ndia, onde realiza entrevistas e reuni\u00f5es com lideran\u00e7as locais.<\/p>\n<p>Outros candidatos, como Patrus Ananias (PT) e Rafael Duda (PSTU), tamb\u00e9m t\u00eam agendas repletas de atividades, incluindo entrevistas e panfletagens em diferentes localidades do estado. A movimenta\u00e7\u00e3o intensa reflete a proximidade das elei\u00e7\u00f5es e a busca por apoio popular entre os eleitores mineiros.<\/p>\n","protected":false},"excerpt":{"rendered":"<p>Candidatos ao governo de Minas t\u00eam uma agenda cheia nesta ter\u00e7a-feira, com entrevistas e encontros em v\u00e1rias cidades.<\/p>\n","protected":false},"author":5,"featured_media":3322,"comment_status":"closed","ping_status":"open","sticky":false,"template":"","format":"standard","meta":{"footnotes":""},"categories":[1360,4367],"tags":[6959,2059,1654,1316,1584],"cidade_regiao":[],"guia_cidade":[],"class_list":["post-12073","post","type-post","status-publish","format-standard","has-post-thumbnail","hentry","category-politica","category-regionais","tag-candidatos","tag-eleicoes-2026","tag-governo","tag-minas-gerais","tag-politica"],"_links":{"self":[{"href":"https:\/\/guiacataguases.com.br\/nova\/wp-json\/wp\/v2\/posts\/12073","targetHints":{"allow":["GET"]}}],"collection":[{"href":"https:\/\/guiacataguases.com.br\/nova\/wp-json\/wp\/v2\/posts"}],"about":[{"href":"https:\/\/guiacataguases.com.br\/nova\/wp-json\/wp\/v2\/types\/post"}],"author":[{"embeddable":true,"href":"https:\/\/guiacataguases.com.br\/nova\/wp-json\/wp\/v2\/users\/5"}],"replies":[{"embeddable":true,"href":"https:\/\/guiacataguases.com.br\/nova\/wp-json\/wp\/v2\/comments?post=12073"}],"version-history":[{"count":0,"href":"https:\/\/guiacataguases.com.br\/nova\/wp-json\/wp\/v2\/posts\/12073\/revisions"}],"wp:featuredmedia":[{"embeddable":true,"href":"https:\/\/guiacataguases.com.br\/nova\/wp-json\/wp\/v2\/media\/3322"}],"wp:attachment":[{"href":"https:\/\/guiacataguases.com.br\/nova\/wp-json\/wp\/v2\/media?parent=12073"}],"wp:term":[{"taxonomy":"category","embeddable":true,"href":"https:\/\/guiacataguases.com.br\/nova\/wp-json\/wp\/v2\/categories?post=12073"},{"taxonomy":"post_tag","embeddable":true,"href":"https:\/\/guiacataguases.com.br\/nova\/wp-json\/wp\/v2\/tags?post=12073"},{"taxonomy":"cidade_regiao","embeddable":true,"href":"https:\/\/guiacataguases.com.br\/nova\/wp-json\/wp\/v2\/cidade_regiao?post=12073"},{"taxonomy":"guia_cidade","embeddable":true,"href":"https:\/\/guiacataguases.com.br\/nova\/wp-json\/wp\/v2\/guia_cidade?post=12073"}],"curies":[{"name":"wp","href":"https:\/\/api.w.org\/{rel}","templated":true}]}}