{"id":12076,"date":"2026-09-01T11:33:46","date_gmt":"2026-09-01T14:33:46","guid":{"rendered":"https:\/\/guiacataguases.com.br\/nova\/noticias\/campanha-de-bruno-engler-usa-slogan-polemico-associado-ao-comando-vermelho\/"},"modified":"2026-09-01T11:33:46","modified_gmt":"2026-09-01T14:33:46","slug":"campanha-de-bruno-engler-usa-slogan-polemico-associado-ao-comando-vermelho","status":"publish","type":"post","link":"https:\/\/guiacataguases.com.br\/nova\/noticias\/campanha-de-bruno-engler-usa-slogan-polemico-associado-ao-comando-vermelho\/","title":{"rendered":"Campanha de Bruno Engler usa slogan pol\u00eamico associado ao Comando Vermelho"},"content":{"rendered":"<p><i>Deputado estadual adota lema que provoca controv\u00e9rsias em Minas Gerais.<\/i><\/p>\n<hr>\n<p>A campanha do deputado estadual Bruno Engler (PL) para a reelei\u00e7\u00e3o em Minas Gerais tem gerado pol\u00eamica ao adotar o slogan &#8220;\u00e9 tudo 2&#8221;, que tamb\u00e9m \u00e9 utilizado pelo Comando Vermelho (CV), uma fac\u00e7\u00e3o criminosa do Rio de Janeiro. O lema, que aparece em diversos materiais de campanha, como banners em Belo Horizonte e em outras cidades, faz refer\u00eancia ao n\u00famero 22222, que corresponde \u00e0 candidatura de Engler, e busca incentivar o voto em outros candidatos do PL, como Fl\u00e1vio Bolsonaro e Fl\u00e1vio Roscoe.<\/p>\n<p>Entretanto, a express\u00e3o &#8220;\u00e9 tudo 2&#8221; carrega uma conota\u00e7\u00e3o diferente em \u00e1reas afetadas pelo crime organizado, onde \u00e9 associada ao poder do Comando Vermelho. Acad\u00eamicos da Unisinos, Rosana Vieira de Souza e Lucas dos Reis Diniz, destacaram em um artigo publicado em 2015 que frases como &#8220;Eu sou 2&#8221; e &#8220;O 2 domina&#8221; s\u00e3o frequentemente usadas por membros da fac\u00e7\u00e3o.<\/p>\n<p>Em resposta \u00e0s cr\u00edticas, a assessoria de Engler afirmou que a express\u00e3o se refere exclusivamente ao n\u00famero de sua candidatura e que o deputado repudia qualquer organiza\u00e7\u00e3o criminosa. Engler foi o deputado estadual mais votado em Minas nas elei\u00e7\u00f5es de 2022, obtendo quase 6% dos votos totais, e \u00e9 considerado um dos principais candidatos para as pr\u00f3ximas elei\u00e7\u00f5es no estado.<\/p>\n","protected":false},"excerpt":{"rendered":"<p>Bruno Engler utiliza slogan associado ao Comando Vermelho em sua campanha, gerando pol\u00eamica em Minas Gerais.<\/p>\n","protected":false},"author":5,"featured_media":3322,"comment_status":"closed","ping_status":"open","sticky":false,"template":"","format":"standard","meta":{"footnotes":""},"categories":[1360,4367],"tags":[8822,2167,2601,2059,1316],"cidade_regiao":[],"guia_cidade":[],"class_list":["post-12076","post","type-post","status-publish","format-standard","has-post-thumbnail","hentry","category-politica","category-regionais","tag-bruno-engler","tag-campanha","tag-comando-vermelho","tag-eleicoes-2026","tag-minas-gerais"],"_links":{"self":[{"href":"https:\/\/guiacataguases.com.br\/nova\/wp-json\/wp\/v2\/posts\/12076","targetHints":{"allow":["GET"]}}],"collection":[{"href":"https:\/\/guiacataguases.com.br\/nova\/wp-json\/wp\/v2\/posts"}],"about":[{"href":"https:\/\/guiacataguases.com.br\/nova\/wp-json\/wp\/v2\/types\/post"}],"author":[{"embeddable":true,"href":"https:\/\/guiacataguases.com.br\/nova\/wp-json\/wp\/v2\/users\/5"}],"replies":[{"embeddable":true,"href":"https:\/\/guiacataguases.com.br\/nova\/wp-json\/wp\/v2\/comments?post=12076"}],"version-history":[{"count":0,"href":"https:\/\/guiacataguases.com.br\/nova\/wp-json\/wp\/v2\/posts\/12076\/revisions"}],"wp:featuredmedia":[{"embeddable":true,"href":"https:\/\/guiacataguases.com.br\/nova\/wp-json\/wp\/v2\/media\/3322"}],"wp:attachment":[{"href":"https:\/\/guiacataguases.com.br\/nova\/wp-json\/wp\/v2\/media?parent=12076"}],"wp:term":[{"taxonomy":"category","embeddable":true,"href":"https:\/\/guiacataguases.com.br\/nova\/wp-json\/wp\/v2\/categories?post=12076"},{"taxonomy":"post_tag","embeddable":true,"href":"https:\/\/guiacataguases.com.br\/nova\/wp-json\/wp\/v2\/tags?post=12076"},{"taxonomy":"cidade_regiao","embeddable":true,"href":"https:\/\/guiacataguases.com.br\/nova\/wp-json\/wp\/v2\/cidade_regiao?post=12076"},{"taxonomy":"guia_cidade","embeddable":true,"href":"https:\/\/guiacataguases.com.br\/nova\/wp-json\/wp\/v2\/guia_cidade?post=12076"}],"curies":[{"name":"wp","href":"https:\/\/api.w.org\/{rel}","templated":true}]}}