{"id":12090,"date":"2026-09-01T13:32:31","date_gmt":"2026-09-01T16:32:31","guid":{"rendered":"https:\/\/guiacataguases.com.br\/nova\/noticias\/camara-de-uba-homenageia-gcm-klever-augusto-albergaria-apos-sua-morte-em-acidente\/"},"modified":"2026-09-01T13:32:31","modified_gmt":"2026-09-01T16:32:31","slug":"camara-de-uba-homenageia-gcm-klever-augusto-albergaria-apos-sua-morte-em-acidente","status":"publish","type":"post","link":"https:\/\/guiacataguases.com.br\/nova\/noticias\/camara-de-uba-homenageia-gcm-klever-augusto-albergaria-apos-sua-morte-em-acidente\/","title":{"rendered":"C\u00e2mara de Ub\u00e1 homenageia GCM Klever Augusto Albergaria ap\u00f3s sua morte em acidente"},"content":{"rendered":"<p><i>Vereadores e servidores prestaram um minuto de sil\u00eancio em mem\u00f3ria do guarda civil municipal.<\/i><\/p>\n<hr>\n<p>A C\u00e2mara Municipal de Ub\u00e1 prestou uma emocionante homenagem ao guarda civil municipal Klever Augusto Albergaria, que faleceu aos 38 anos em um tr\u00e1gico acidente de tr\u00e2nsito na MG-124, entre Ub\u00e1 e Divin\u00e9sia. A cerim\u00f4nia ocorreu antes do in\u00edcio da reuni\u00e3o ordin\u00e1ria do Legislativo, na segunda-feira, 31 de agosto de 2026.<\/p>\n<p>O presidente da C\u00e2mara, vereador Jos\u00e9 Maria Fernandes, solicitou que todos os presentes se colocassem de p\u00e9 para um minuto de sil\u00eancio em respeito ao GCM. &#8220;Antes de dar in\u00edcio aos trabalhos desta reuni\u00e3o, gostaria de pedir a todos que nos coloc\u00e1ssemos de p\u00e9 para prestarmos um minuto de sil\u00eancio em homenagem ao GCM Klever Augusto Albergaria, que faleceu na \u00faltima quinta-feira, dia 27 de agosto&#8221;, declarou Jos\u00e9 Maria.<\/p>\n<p>Durante a homenagem, o presidente expressou suas condol\u00eancias \u00e0 fam\u00edlia e aos colegas de Klever, ressaltando a tristeza causada pela sua partida. &#8220;Neste momento de profunda tristeza, quero, em nome da C\u00e2mara Municipal de Ub\u00e1 e em meu nome, manifestar minhas sinceras condol\u00eancias aos seus familiares, amigos e a todos os seus companheiros da Guarda Civil Municipal de Ub\u00e1&#8221;, afirmou.<\/p>\n<p>Klever Augusto Albergaria perdeu a vida ap\u00f3s colidir sua motocicleta com um caminh\u00e3o na regi\u00e3o conhecida como Tanquinho, em Divin\u00e9sia. Ele sofreu m\u00faltiplas fraturas e n\u00e3o resistiu aos ferimentos, tendo sua morte constatada no local do acidente. O motorista do caminh\u00e3o n\u00e3o ficou ferido. As circunst\u00e2ncias exatas do acidente est\u00e3o sendo investigadas pelas autoridades competentes.<\/p>\n<p>A morte de Klever interrompeu uma carreira promissora na seguran\u00e7a p\u00fablica municipal. Ele foi aprovado no concurso da Guarda Civil Municipal de Ub\u00e1 e atuava com dedica\u00e7\u00e3o na prote\u00e7\u00e3o da popula\u00e7\u00e3o. Sua partida deixou uma lacuna n\u00e3o apenas entre seus familiares e amigos, mas tamb\u00e9m entre os colegas de trabalho, que lamentaram a perda de um profissional comprometido e querido.<\/p>\n<p>A homenagem na C\u00e2mara Municipal refor\u00e7ou o reconhecimento da import\u00e2ncia do servi\u00e7o prestado por Klever e a solidariedade da comunidade em um momento de dor.<\/p>\n","protected":false},"excerpt":{"rendered":"<p>C\u00e2mara Municipal de Ub\u00e1 presta homenagem ao GCM Klever Augusto Albergaria, falecido em acidente na MG-124.<\/p>\n","protected":false},"author":5,"featured_media":3437,"comment_status":"closed","ping_status":"open","sticky":false,"template":"","format":"standard","meta":{"footnotes":""},"categories":[1361,4367,4383],"tags":[1677,1557,1813,1540,1265],"cidade_regiao":[],"guia_cidade":[],"class_list":["post-12090","post","type-post","status-publish","format-standard","has-post-thumbnail","hentry","category-policia","category-regionais","category-uba","tag-acidente","tag-guarda-civil-municipal","tag-homenagem","tag-seguranca-publica","tag-uba"],"_links":{"self":[{"href":"https:\/\/guiacataguases.com.br\/nova\/wp-json\/wp\/v2\/posts\/12090","targetHints":{"allow":["GET"]}}],"collection":[{"href":"https:\/\/guiacataguases.com.br\/nova\/wp-json\/wp\/v2\/posts"}],"about":[{"href":"https:\/\/guiacataguases.com.br\/nova\/wp-json\/wp\/v2\/types\/post"}],"author":[{"embeddable":true,"href":"https:\/\/guiacataguases.com.br\/nova\/wp-json\/wp\/v2\/users\/5"}],"replies":[{"embeddable":true,"href":"https:\/\/guiacataguases.com.br\/nova\/wp-json\/wp\/v2\/comments?post=12090"}],"version-history":[{"count":0,"href":"https:\/\/guiacataguases.com.br\/nova\/wp-json\/wp\/v2\/posts\/12090\/revisions"}],"wp:featuredmedia":[{"embeddable":true,"href":"https:\/\/guiacataguases.com.br\/nova\/wp-json\/wp\/v2\/media\/3437"}],"wp:attachment":[{"href":"https:\/\/guiacataguases.com.br\/nova\/wp-json\/wp\/v2\/media?parent=12090"}],"wp:term":[{"taxonomy":"category","embeddable":true,"href":"https:\/\/guiacataguases.com.br\/nova\/wp-json\/wp\/v2\/categories?post=12090"},{"taxonomy":"post_tag","embeddable":true,"href":"https:\/\/guiacataguases.com.br\/nova\/wp-json\/wp\/v2\/tags?post=12090"},{"taxonomy":"cidade_regiao","embeddable":true,"href":"https:\/\/guiacataguases.com.br\/nova\/wp-json\/wp\/v2\/cidade_regiao?post=12090"},{"taxonomy":"guia_cidade","embeddable":true,"href":"https:\/\/guiacataguases.com.br\/nova\/wp-json\/wp\/v2\/guia_cidade?post=12090"}],"curies":[{"name":"wp","href":"https:\/\/api.w.org\/{rel}","templated":true}]}}