{"id":12101,"date":"2026-09-01T23:31:26","date_gmt":"2026-09-02T02:31:26","guid":{"rendered":"https:\/\/guiacataguases.com.br\/nova\/noticias\/homem-e-preso-por-posse-ilegal-de-armas-em-juiz-de-fora\/"},"modified":"2026-09-01T23:31:26","modified_gmt":"2026-09-02T02:31:26","slug":"homem-e-preso-por-posse-ilegal-de-armas-em-juiz-de-fora","status":"publish","type":"post","link":"https:\/\/guiacataguases.com.br\/nova\/noticias\/homem-e-preso-por-posse-ilegal-de-armas-em-juiz-de-fora\/","title":{"rendered":"Homem \u00e9 preso por posse ilegal de armas em Juiz de Fora"},"content":{"rendered":"<p><i>Suspeito foi detido ap\u00f3s den\u00fancias an\u00f4nimas e apreens\u00e3o de armamento.<\/i><\/p>\n<hr>\n<p>Um homem de 40 anos foi preso por posse ilegal de arma de fogo no final da tarde desta segunda-feira (31\/08), por volta das 17h11, no bairro Vila Ozanan, em Juiz de Fora, na Zona da Mata mineira.<\/p>\n<p>De acordo com a Pol\u00edcia Militar de Minas Gerais (PMMG), a corpora\u00e7\u00e3o recebeu den\u00fancias an\u00f4nimas informando que o suspeito estaria escondendo armas de fogo na resid\u00eancia da m\u00e3e dele, localizada na Rua Major Jo\u00e3o Martins. Com autoriza\u00e7\u00e3o para entrar no im\u00f3vel, a equipe do T\u00e1tico M\u00f3vel realizou buscas e apreendeu duas armas de fogo calibre 32, al\u00e9m de 14 muni\u00e7\u00f5es intactas do mesmo calibre.<\/p>\n<p>Durante as dilig\u00eancias, o suspeito foi localizado em outra resid\u00eancia no mesmo bairro. Novas buscas foram feitas, resultando na apreens\u00e3o de mais sete muni\u00e7\u00f5es intactas de calibre 32. O material apreendido foi recolhido e o homem, natural de Juiz de Fora, foi preso em flagrante e encaminhado \u00e0 delegacia de plant\u00e3o do munic\u00edpio.<\/p>\n<p>A opera\u00e7\u00e3o contou com o apoio de equipes de supervis\u00e3o, comando do T\u00e1tico M\u00f3vel, Patrulhamento de Tr\u00e2nsito (Patran) e da Rocca (Rondas Ostensivas com C\u00e3es).<\/p>\n","protected":false},"excerpt":{"rendered":"<p>Um homem de 40 anos foi preso por posse ilegal de armas em Juiz de Fora ap\u00f3s den\u00fancias an\u00f4nimas.<\/p>\n","protected":false},"author":5,"featured_media":3437,"comment_status":"closed","ping_status":"open","sticky":false,"template":"","format":"standard","meta":{"footnotes":""},"categories":[8070,1361,4367],"tags":[1264,1503,1275,4203,1266],"cidade_regiao":[],"guia_cidade":[],"class_list":["post-12101","post","type-post","status-publish","format-standard","has-post-thumbnail","hentry","category-juiz-de-fora","category-policia","category-regionais","tag-juiz-de-fora","tag-operacao-policial","tag-policia-militar","tag-posse-de-arma","tag-zona-da-mata"],"_links":{"self":[{"href":"https:\/\/guiacataguases.com.br\/nova\/wp-json\/wp\/v2\/posts\/12101","targetHints":{"allow":["GET"]}}],"collection":[{"href":"https:\/\/guiacataguases.com.br\/nova\/wp-json\/wp\/v2\/posts"}],"about":[{"href":"https:\/\/guiacataguases.com.br\/nova\/wp-json\/wp\/v2\/types\/post"}],"author":[{"embeddable":true,"href":"https:\/\/guiacataguases.com.br\/nova\/wp-json\/wp\/v2\/users\/5"}],"replies":[{"embeddable":true,"href":"https:\/\/guiacataguases.com.br\/nova\/wp-json\/wp\/v2\/comments?post=12101"}],"version-history":[{"count":0,"href":"https:\/\/guiacataguases.com.br\/nova\/wp-json\/wp\/v2\/posts\/12101\/revisions"}],"wp:featuredmedia":[{"embeddable":true,"href":"https:\/\/guiacataguases.com.br\/nova\/wp-json\/wp\/v2\/media\/3437"}],"wp:attachment":[{"href":"https:\/\/guiacataguases.com.br\/nova\/wp-json\/wp\/v2\/media?parent=12101"}],"wp:term":[{"taxonomy":"category","embeddable":true,"href":"https:\/\/guiacataguases.com.br\/nova\/wp-json\/wp\/v2\/categories?post=12101"},{"taxonomy":"post_tag","embeddable":true,"href":"https:\/\/guiacataguases.com.br\/nova\/wp-json\/wp\/v2\/tags?post=12101"},{"taxonomy":"cidade_regiao","embeddable":true,"href":"https:\/\/guiacataguases.com.br\/nova\/wp-json\/wp\/v2\/cidade_regiao?post=12101"},{"taxonomy":"guia_cidade","embeddable":true,"href":"https:\/\/guiacataguases.com.br\/nova\/wp-json\/wp\/v2\/guia_cidade?post=12101"}],"curies":[{"name":"wp","href":"https:\/\/api.w.org\/{rel}","templated":true}]}}