{"id":12110,"date":"2026-09-02T00:32:01","date_gmt":"2026-09-02T03:32:01","guid":{"rendered":"https:\/\/guiacataguases.com.br\/nova\/noticias\/senador-carlos-viana-protocola-pedido-de-impeachment-contra-alexandre-de-moraes\/"},"modified":"2026-09-02T00:32:01","modified_gmt":"2026-09-02T03:32:01","slug":"senador-carlos-viana-protocola-pedido-de-impeachment-contra-alexandre-de-moraes","status":"publish","type":"post","link":"https:\/\/guiacataguases.com.br\/nova\/noticias\/senador-carlos-viana-protocola-pedido-de-impeachment-contra-alexandre-de-moraes\/","title":{"rendered":"Senador Carlos Viana protocola pedido de impeachment contra Alexandre de Moraes"},"content":{"rendered":"<p><i>A\u00e7\u00e3o foi formalizada em Bras\u00edlia e levanta discuss\u00f5es sobre a atua\u00e7\u00e3o do ministro do STF.<\/i><\/p>\n<hr>\n<p>O senador Carlos Viana (PL-MG) protocolou, nesta quarta-feira, um novo pedido de impeachment contra o ministro Alexandre de Moraes, do Supremo Tribunal Federal (STF). A formaliza\u00e7\u00e3o do pedido ocorreu em Bras\u00edlia e promete acirrar ainda mais os debates sobre a atua\u00e7\u00e3o de Moraes, especialmente em rela\u00e7\u00e3o a decis\u00f5es pol\u00eamicas que t\u00eam gerado cr\u00edticas de diversos setores da pol\u00edtica e da sociedade.<\/p>\n<p>Viana, que tem se destacado por sua oposi\u00e7\u00e3o a algumas medidas do governo federal, argumenta que as a\u00e7\u00f5es de Moraes ferem princ\u00edpios constitucionais e que o ministro tem extrapolado suas fun\u00e7\u00f5es. O pedido de impeachment \u00e9 mais uma etapa de um movimento que j\u00e1 conta com outras tentativas de afastamento do ministro, refletindo a crescente insatisfa\u00e7\u00e3o entre parlamentares e a popula\u00e7\u00e3o.<\/p>\n<p>A repercuss\u00e3o do pedido deve ser acompanhada de perto, uma vez que a quest\u00e3o do impeachment de ministros do STF \u00e9 um tema delicado e frequentemente gera divis\u00f5es entre os representantes do Legislativo e Judici\u00e1rio. O senador n\u00e3o forneceu detalhes adicionais sobre as alega\u00e7\u00f5es que sustentam o pedido, mas a expectativa \u00e9 que isso seja esclarecido em breve.<\/p>\n","protected":false},"excerpt":{"rendered":"<p>Carlos Viana protocolou pedido de impeachment contra Alexandre de Moraes, gerando debates sobre sua atua\u00e7\u00e3o no STF.<\/p>\n","protected":false},"author":5,"featured_media":3322,"comment_status":"closed","ping_status":"open","sticky":false,"template":"","format":"standard","meta":{"footnotes":""},"categories":[1360,4367],"tags":[1581,8831,3395,7543,1582],"cidade_regiao":[],"guia_cidade":[],"class_list":["post-12110","post","type-post","status-publish","format-standard","has-post-thumbnail","hentry","category-politica","category-regionais","tag-alexandre-de-moraes","tag-carlos-viana","tag-impeachment","tag-senador","tag-supremo-tribunal-federal"],"_links":{"self":[{"href":"https:\/\/guiacataguases.com.br\/nova\/wp-json\/wp\/v2\/posts\/12110","targetHints":{"allow":["GET"]}}],"collection":[{"href":"https:\/\/guiacataguases.com.br\/nova\/wp-json\/wp\/v2\/posts"}],"about":[{"href":"https:\/\/guiacataguases.com.br\/nova\/wp-json\/wp\/v2\/types\/post"}],"author":[{"embeddable":true,"href":"https:\/\/guiacataguases.com.br\/nova\/wp-json\/wp\/v2\/users\/5"}],"replies":[{"embeddable":true,"href":"https:\/\/guiacataguases.com.br\/nova\/wp-json\/wp\/v2\/comments?post=12110"}],"version-history":[{"count":0,"href":"https:\/\/guiacataguases.com.br\/nova\/wp-json\/wp\/v2\/posts\/12110\/revisions"}],"wp:featuredmedia":[{"embeddable":true,"href":"https:\/\/guiacataguases.com.br\/nova\/wp-json\/wp\/v2\/media\/3322"}],"wp:attachment":[{"href":"https:\/\/guiacataguases.com.br\/nova\/wp-json\/wp\/v2\/media?parent=12110"}],"wp:term":[{"taxonomy":"category","embeddable":true,"href":"https:\/\/guiacataguases.com.br\/nova\/wp-json\/wp\/v2\/categories?post=12110"},{"taxonomy":"post_tag","embeddable":true,"href":"https:\/\/guiacataguases.com.br\/nova\/wp-json\/wp\/v2\/tags?post=12110"},{"taxonomy":"cidade_regiao","embeddable":true,"href":"https:\/\/guiacataguases.com.br\/nova\/wp-json\/wp\/v2\/cidade_regiao?post=12110"},{"taxonomy":"guia_cidade","embeddable":true,"href":"https:\/\/guiacataguases.com.br\/nova\/wp-json\/wp\/v2\/guia_cidade?post=12110"}],"curies":[{"name":"wp","href":"https:\/\/api.w.org\/{rel}","templated":true}]}}