{"id":12117,"date":"2026-09-02T00:33:00","date_gmt":"2026-09-02T03:33:00","guid":{"rendered":"https:\/\/guiacataguases.com.br\/nova\/noticias\/justica-nega-pedido-de-mateus-simoes-para-excluir-critica-de-kalil\/"},"modified":"2026-09-02T00:33:00","modified_gmt":"2026-09-02T03:33:00","slug":"justica-nega-pedido-de-mateus-simoes-para-excluir-critica-de-kalil","status":"publish","type":"post","link":"https:\/\/guiacataguases.com.br\/nova\/noticias\/justica-nega-pedido-de-mateus-simoes-para-excluir-critica-de-kalil\/","title":{"rendered":"Justi\u00e7a nega pedido de Mateus Sim\u00f5es para excluir cr\u00edtica de Kalil"},"content":{"rendered":"<p><i>Decis\u00e3o do TRE-MG garante a liberdade de express\u00e3o em cr\u00edticas pol\u00edticas.<\/i><\/p>\n<hr>\n<p>O Tribunal Regional Eleitoral de Minas Gerais (TRE-MG) negou, em decis\u00e3o liminar, um pedido da campanha do governador e candidato \u00e0 reelei\u00e7\u00e3o Mateus Sim\u00f5es (PSD) para que uma publica\u00e7\u00e3o do ex-prefeito de Belo Horizonte, Alexandre Kalil (PDT), fosse exclu\u00edda. Na postagem, Kalil chama Sim\u00f5es de &#8220;frouxo&#8221; ao criticar a ocupa\u00e7\u00e3o de uma \u00e1rea de terra em Uberl\u00e2ndia, no Tri\u00e2ngulo Mineiro.<\/p>\n<p>O v\u00eddeo, divulgado nas redes sociais, mostra Kalil se referindo \u00e0 ocupa\u00e7\u00e3o de uma \u00e1rea \u00e0s margens da MGC-497, que, segundo o Movimento Terra, Trabalho e Liberdade (MTL), envolve cerca de 500 fam\u00edlias. No entanto, o governo estadual informa que apenas 130 pessoas est\u00e3o presentes no local. A situa\u00e7\u00e3o gerou a interdi\u00e7\u00e3o da rodovia, com a Pol\u00edcia Militar monitorando a \u00e1rea.<\/p>\n<p>Em sua cr\u00edtica, Kalil afirma: &#8220;Pessoal, est\u00e3o invadindo terra em Uberl\u00e2ndia, maior centro que o nosso centro de agricultura em Minas Gerais. \u00d4, governador, deixa de ser frouxo. Vai l\u00e1 e resolve, porra. Invadindo em Uberl\u00e2ndia? Ah, n\u00e3o. N\u00f3s vamos resolver, viu, gente? 1\u00ba de janeiro, isso acabou&#8221;.<\/p>\n<p>A coliga\u00e7\u00e3o &#8220;Minas no Caminho Certo&#8221;, de Sim\u00f5es, alegou que o conte\u00fado da postagem ofende a honra e a imagem do governador, al\u00e9m de afirmar que a publica\u00e7\u00e3o teria sido impulsionada por um perfil n\u00e3o oficial, configurando uma viola\u00e7\u00e3o \u00e0 legisla\u00e7\u00e3o eleitoral. No entanto, o juiz auxiliar Mauro Ferreira, ao analisar o caso, considerou que a cr\u00edtica se enquadra na liberdade de express\u00e3o, n\u00e3o tendo rela\u00e7\u00e3o expl\u00edcita com o pleito ou pedido de voto.<\/p>\n<p>Na decis\u00e3o, o juiz destacou que &#8220;o debate pol\u00edtico deve ser protegido de interven\u00e7\u00f5es judiciais desnecess\u00e1rias, preservando-se o pluralismo democr\u00e1tico e a livre manifesta\u00e7\u00e3o de pensamento&#8221;. A a\u00e7\u00e3o segue em tramita\u00e7\u00e3o e a equipe jur\u00eddica de Sim\u00f5es ainda pode recorrer da decis\u00e3o.<\/p>\n","protected":false},"excerpt":{"rendered":"<p>TRE-MG nega pedido de Sim\u00f5es para excluir cr\u00edtica de Kalil sobre ocupa\u00e7\u00e3o em Uberl\u00e2ndia.<\/p>\n","protected":false},"author":5,"featured_media":3322,"comment_status":"closed","ping_status":"open","sticky":false,"template":"","format":"standard","meta":{"footnotes":""},"categories":[1360,4367],"tags":[2058,2059,2118,8835,2324],"cidade_regiao":[],"guia_cidade":[],"class_list":["post-12117","post","type-post","status-publish","format-standard","has-post-thumbnail","hentry","category-politica","category-regionais","tag-alexandre-kalil","tag-eleicoes-2026","tag-mateus-simoes","tag-ocupacao-de-terra","tag-tre-mg"],"_links":{"self":[{"href":"https:\/\/guiacataguases.com.br\/nova\/wp-json\/wp\/v2\/posts\/12117","targetHints":{"allow":["GET"]}}],"collection":[{"href":"https:\/\/guiacataguases.com.br\/nova\/wp-json\/wp\/v2\/posts"}],"about":[{"href":"https:\/\/guiacataguases.com.br\/nova\/wp-json\/wp\/v2\/types\/post"}],"author":[{"embeddable":true,"href":"https:\/\/guiacataguases.com.br\/nova\/wp-json\/wp\/v2\/users\/5"}],"replies":[{"embeddable":true,"href":"https:\/\/guiacataguases.com.br\/nova\/wp-json\/wp\/v2\/comments?post=12117"}],"version-history":[{"count":0,"href":"https:\/\/guiacataguases.com.br\/nova\/wp-json\/wp\/v2\/posts\/12117\/revisions"}],"wp:featuredmedia":[{"embeddable":true,"href":"https:\/\/guiacataguases.com.br\/nova\/wp-json\/wp\/v2\/media\/3322"}],"wp:attachment":[{"href":"https:\/\/guiacataguases.com.br\/nova\/wp-json\/wp\/v2\/media?parent=12117"}],"wp:term":[{"taxonomy":"category","embeddable":true,"href":"https:\/\/guiacataguases.com.br\/nova\/wp-json\/wp\/v2\/categories?post=12117"},{"taxonomy":"post_tag","embeddable":true,"href":"https:\/\/guiacataguases.com.br\/nova\/wp-json\/wp\/v2\/tags?post=12117"},{"taxonomy":"cidade_regiao","embeddable":true,"href":"https:\/\/guiacataguases.com.br\/nova\/wp-json\/wp\/v2\/cidade_regiao?post=12117"},{"taxonomy":"guia_cidade","embeddable":true,"href":"https:\/\/guiacataguases.com.br\/nova\/wp-json\/wp\/v2\/guia_cidade?post=12117"}],"curies":[{"name":"wp","href":"https:\/\/api.w.org\/{rel}","templated":true}]}}