{"id":12123,"date":"2026-09-02T02:32:10","date_gmt":"2026-09-02T05:32:10","guid":{"rendered":"https:\/\/guiacataguases.com.br\/nova\/noticias\/femur-se-une-a-mostra-de-moveis-e-sera-realizada-anualmente-a-partir-de-2027\/"},"modified":"2026-09-02T02:32:10","modified_gmt":"2026-09-02T05:32:10","slug":"femur-se-une-a-mostra-de-moveis-e-sera-realizada-anualmente-a-partir-de-2027","status":"publish","type":"post","link":"https:\/\/guiacataguases.com.br\/nova\/noticias\/femur-se-une-a-mostra-de-moveis-e-sera-realizada-anualmente-a-partir-de-2027\/","title":{"rendered":"FEMUR se une \u00e0 Mostra de M\u00f3veis e ser\u00e1 realizada anualmente a partir de 2027"},"content":{"rendered":"<p><i>Nova fase da FEMUR promete ampliar oportunidades para o Polo Moveleiro de Minas Gerais.<\/i><\/p>\n<hr>\n<p>A 18\u00aa edi\u00e7\u00e3o da FEMUR \u2013 Feira de M\u00f3veis de Minas Gerais foi oficialmente lan\u00e7ada nesta ter\u00e7a-feira, 1\u00ba de setembro, pelo Intersind \u2013 Sindicato Intermunicipal das Ind\u00fastrias do Mobili\u00e1rio de Ub\u00e1. O evento ocorrer\u00e1 de 25 a 28 de janeiro de 2027, no Parque de Exposi\u00e7\u00f5es de Ub\u00e1, e marca uma nova fase ao incorporar a Mostra de M\u00f3veis, passando a ser realizada anualmente.<\/p>\n<p>Com o tema &#8220;O futuro do m\u00f3vel come\u00e7a aqui&#8221;, a nova FEMUR visa unir a tradi\u00e7\u00e3o dos dois eventos e expandir as oportunidades comerciais para as empresas do Polo Moveleiro. O presidente do Intersind, Gilberto Coelho, destacou que a uni\u00e3o representa n\u00e3o apenas uma mudan\u00e7a no calend\u00e1rio, mas a multiplica\u00e7\u00e3o de oportunidades para o setor. &#8220;Estamos unindo duas hist\u00f3rias de sucesso&#8221;, afirmou.<\/p>\n<p>A produtora executiva da FEMUR, Ludmila Oliveira, ressaltou que o novo formato da feira \u00e9 uma oportunidade para gerar tend\u00eancias e impulsionar o setor moveleiro. A sustentabilidade tamb\u00e9m ser\u00e1 um eixo central, com o gerenciamento adequado de res\u00edduos e iniciativas de reaproveitamento de materiais.<\/p>\n<p>O prefeito de Ub\u00e1, professor Jos\u00e9 Damato, enfatizou o impacto econ\u00f4mico da feira, que trar\u00e1 novos recursos para a popula\u00e7\u00e3o. A FEMUR 2027 contar\u00e1 com o patroc\u00ednio da Sayerlack e o apoio de diversas institui\u00e7\u00f5es locais, refor\u00e7ando a import\u00e2ncia do evento para o fortalecimento do Polo Moveleiro de Minas Gerais.<\/p>\n","protected":false},"excerpt":{"rendered":"<p>A FEMUR 2027, que ocorrer\u00e1 de 25 a 28 de janeiro, unir\u00e1 a Mostra de M\u00f3veis, ampliando oportunidades para o setor moveleiro.<\/p>\n","protected":false},"author":5,"featured_media":3303,"comment_status":"closed","ping_status":"open","sticky":false,"template":"","format":"standard","meta":{"footnotes":""},"categories":[1364,4367],"tags":[8590,1713,8840,1712,1265],"cidade_regiao":[],"guia_cidade":[],"class_list":["post-12123","post","type-post","status-publish","format-standard","has-post-thumbnail","hentry","category-cultura","category-regionais","tag-femur","tag-intersind","tag-mostra-de-moveis","tag-polo-moveleiro","tag-uba"],"_links":{"self":[{"href":"https:\/\/guiacataguases.com.br\/nova\/wp-json\/wp\/v2\/posts\/12123","targetHints":{"allow":["GET"]}}],"collection":[{"href":"https:\/\/guiacataguases.com.br\/nova\/wp-json\/wp\/v2\/posts"}],"about":[{"href":"https:\/\/guiacataguases.com.br\/nova\/wp-json\/wp\/v2\/types\/post"}],"author":[{"embeddable":true,"href":"https:\/\/guiacataguases.com.br\/nova\/wp-json\/wp\/v2\/users\/5"}],"replies":[{"embeddable":true,"href":"https:\/\/guiacataguases.com.br\/nova\/wp-json\/wp\/v2\/comments?post=12123"}],"version-history":[{"count":0,"href":"https:\/\/guiacataguases.com.br\/nova\/wp-json\/wp\/v2\/posts\/12123\/revisions"}],"wp:featuredmedia":[{"embeddable":true,"href":"https:\/\/guiacataguases.com.br\/nova\/wp-json\/wp\/v2\/media\/3303"}],"wp:attachment":[{"href":"https:\/\/guiacataguases.com.br\/nova\/wp-json\/wp\/v2\/media?parent=12123"}],"wp:term":[{"taxonomy":"category","embeddable":true,"href":"https:\/\/guiacataguases.com.br\/nova\/wp-json\/wp\/v2\/categories?post=12123"},{"taxonomy":"post_tag","embeddable":true,"href":"https:\/\/guiacataguases.com.br\/nova\/wp-json\/wp\/v2\/tags?post=12123"},{"taxonomy":"cidade_regiao","embeddable":true,"href":"https:\/\/guiacataguases.com.br\/nova\/wp-json\/wp\/v2\/cidade_regiao?post=12123"},{"taxonomy":"guia_cidade","embeddable":true,"href":"https:\/\/guiacataguases.com.br\/nova\/wp-json\/wp\/v2\/guia_cidade?post=12123"}],"curies":[{"name":"wp","href":"https:\/\/api.w.org\/{rel}","templated":true}]}}