{"id":12135,"date":"2026-09-02T10:32:45","date_gmt":"2026-09-02T13:32:45","guid":{"rendered":"https:\/\/guiacataguases.com.br\/nova\/noticias\/filme-sobre-maria-alcina-e-selecionado-para-a-premiere-brasil-do-festival-do-rio-2026\/"},"modified":"2026-09-02T10:32:45","modified_gmt":"2026-09-02T13:32:45","slug":"filme-sobre-maria-alcina-e-selecionado-para-a-premiere-brasil-do-festival-do-rio-2026","status":"publish","type":"post","link":"https:\/\/guiacataguases.com.br\/nova\/noticias\/filme-sobre-maria-alcina-e-selecionado-para-a-premiere-brasil-do-festival-do-rio-2026\/","title":{"rendered":"Filme sobre Maria Alcina \u00e9 selecionado para a Premi\u00e8re Brasil do Festival do Rio 2026"},"content":{"rendered":"<p><i>A produ\u00e7\u00e3o destaca a trajet\u00f3ria da cantora e compositora brasileira.<\/i><\/p>\n<hr>\n<p>O filme que retrata a vida e carreira da cantora e compositora Maria Alcina foi oficialmente selecionado para a Premi\u00e8re Brasil do Festival do Rio 2026. A produ\u00e7\u00e3o promete trazer \u00e0 tona a trajet\u00f3ria de uma das artistas mais ic\u00f4nicas da m\u00fasica brasileira, celebrando suas contribui\u00e7\u00f5es e desafios ao longo da carreira.<\/p>\n<p>Maria Alcina, conhecida por sua voz marcante e estilo \u00fanico, conquistou o cora\u00e7\u00e3o do p\u00fablico com sucessos que atravessam gera\u00e7\u00f5es. O filme, que aborda n\u00e3o apenas a sua m\u00fasica, mas tamb\u00e9m aspectos pessoais de sua vida, visa oferecer uma vis\u00e3o completa sobre a artista, destacando sua influ\u00eancia na cultura brasileira.<\/p>\n<p>O Festival do Rio, um dos mais importantes eventos de cinema da Am\u00e9rica Latina, ocorrer\u00e1 em outubro de 2026 e \u00e9 uma plataforma vital para a promo\u00e7\u00e3o de filmes nacionais e internacionais. A sele\u00e7\u00e3o do filme sobre Maria Alcina \u00e9 um reconhecimento do seu legado e da import\u00e2ncia da arte na sociedade.<\/p>\n","protected":false},"excerpt":{"rendered":"<p>Filme sobre Maria Alcina \u00e9 selecionado para a Premi\u00e8re Brasil do Festival do Rio 2026.<\/p>\n","protected":false},"author":5,"featured_media":3303,"comment_status":"closed","ping_status":"open","sticky":false,"template":"","format":"standard","meta":{"footnotes":""},"categories":[1364,4367],"tags":[8756,1510,8815,8814,8842],"cidade_regiao":[],"guia_cidade":[],"class_list":["post-12135","post","type-post","status-publish","format-standard","has-post-thumbnail","hentry","category-cultura","category-regionais","tag-cinema-brasileiro","tag-cultura","tag-festival-do-rio","tag-maria-alcina","tag-premiere-brasil"],"_links":{"self":[{"href":"https:\/\/guiacataguases.com.br\/nova\/wp-json\/wp\/v2\/posts\/12135","targetHints":{"allow":["GET"]}}],"collection":[{"href":"https:\/\/guiacataguases.com.br\/nova\/wp-json\/wp\/v2\/posts"}],"about":[{"href":"https:\/\/guiacataguases.com.br\/nova\/wp-json\/wp\/v2\/types\/post"}],"author":[{"embeddable":true,"href":"https:\/\/guiacataguases.com.br\/nova\/wp-json\/wp\/v2\/users\/5"}],"replies":[{"embeddable":true,"href":"https:\/\/guiacataguases.com.br\/nova\/wp-json\/wp\/v2\/comments?post=12135"}],"version-history":[{"count":0,"href":"https:\/\/guiacataguases.com.br\/nova\/wp-json\/wp\/v2\/posts\/12135\/revisions"}],"wp:featuredmedia":[{"embeddable":true,"href":"https:\/\/guiacataguases.com.br\/nova\/wp-json\/wp\/v2\/media\/3303"}],"wp:attachment":[{"href":"https:\/\/guiacataguases.com.br\/nova\/wp-json\/wp\/v2\/media?parent=12135"}],"wp:term":[{"taxonomy":"category","embeddable":true,"href":"https:\/\/guiacataguases.com.br\/nova\/wp-json\/wp\/v2\/categories?post=12135"},{"taxonomy":"post_tag","embeddable":true,"href":"https:\/\/guiacataguases.com.br\/nova\/wp-json\/wp\/v2\/tags?post=12135"},{"taxonomy":"cidade_regiao","embeddable":true,"href":"https:\/\/guiacataguases.com.br\/nova\/wp-json\/wp\/v2\/cidade_regiao?post=12135"},{"taxonomy":"guia_cidade","embeddable":true,"href":"https:\/\/guiacataguases.com.br\/nova\/wp-json\/wp\/v2\/guia_cidade?post=12135"}],"curies":[{"name":"wp","href":"https:\/\/api.w.org\/{rel}","templated":true}]}}