{"id":12147,"date":"2026-09-02T12:32:19","date_gmt":"2026-09-02T15:32:19","guid":{"rendered":"https:\/\/guiacataguases.com.br\/nova\/noticias\/festa-alema-em-juiz-de-fora-comeca-com-atracoes-culturais-e-gastronomicas\/"},"modified":"2026-09-02T12:32:19","modified_gmt":"2026-09-02T15:32:19","slug":"festa-alema-em-juiz-de-fora-comeca-com-atracoes-culturais-e-gastronomicas","status":"publish","type":"post","link":"https:\/\/guiacataguases.com.br\/nova\/noticias\/festa-alema-em-juiz-de-fora-comeca-com-atracoes-culturais-e-gastronomicas\/","title":{"rendered":"Festa Alem\u00e3 em Juiz de Fora come\u00e7a com atra\u00e7\u00f5es culturais e gastron\u00f4micas"},"content":{"rendered":"<p><i>Evento gratuito no Shopping Jardim Norte acontece at\u00e9 13 de setembro.<\/i><\/p>\n<hr>\n<p>A Festa Alem\u00e3 em Juiz de Fora inicia nesta ter\u00e7a-feira, 2 de setembro, e se estende at\u00e9 13 de setembro, no estacionamento do Shopping Jardim Norte. Com entrada gratuita, o evento promete atrair visitantes com uma programa\u00e7\u00e3o diversificada, contando com cerca de 15 cervejarias e 15 restaurantes que oferecer\u00e3o pratos t\u00edpicos da culin\u00e1ria alem\u00e3, como joelho de porco, salsichas artesanais e chucrute.<\/p>\n<p>Al\u00e9m das del\u00edcias gastron\u00f4micas, o evento contar\u00e1 com dan\u00e7as folcl\u00f3ricas e apresenta\u00e7\u00f5es musicais em dois palcos distintos, um dedicado \u00e0s dan\u00e7as e outro \u00e0s m\u00fasicas tradicionais. A festa \u00e9 considerada patrim\u00f4nio cultural imaterial desde 2019 e tem como objetivo preservar a rica tradi\u00e7\u00e3o alem\u00e3 na cidade, especialmente entre os moradores do bairro Borboleta, conhecido por ser um reduto da cultura germ\u00e2nica.<\/p>\n<p>S\u00e1lcio Del Duca, organizador do evento, destacou que nesta edi\u00e7\u00e3o, grupos de dan\u00e7a e m\u00fasica de estados como Esp\u00edrito Santo e Rio de Janeiro, al\u00e9m de atra\u00e7\u00f5es locais de Blumenau, tamb\u00e9m estar\u00e3o presentes. Outra novidade para 2026 \u00e9 a venda de uma cerveja alem\u00e3, que promete agradar os amantes da bebida. Al\u00e9m disso, foi inaugurado recentemente o Centro de Mem\u00f3ria da Imigra\u00e7\u00e3o Germ\u00e2nica, que permitir\u00e1 aos visitantes conhecer documentos hist\u00f3ricos e fotografias que contam a hist\u00f3ria da contribui\u00e7\u00e3o alem\u00e3 na regi\u00e3o.<\/p>\n<p>A programa\u00e7\u00e3o completa do evento ainda ser\u00e1 divulgada, mas informa\u00e7\u00f5es podem ser consultadas nas redes sociais do evento, como o perfil @festaalemajf.<\/p>\n","protected":false},"excerpt":{"rendered":"<p>A Festa Alem\u00e3 em Juiz de Fora come\u00e7a nesta ter\u00e7a-feira, 2 de setembro, com atra\u00e7\u00f5es culturais e gastron\u00f4micas at\u00e9 13 de setembro.<\/p>\n","protected":false},"author":5,"featured_media":3303,"comment_status":"closed","ping_status":"open","sticky":false,"template":"","format":"standard","meta":{"footnotes":""},"categories":[1364,8070,4367],"tags":[1510,8843,1788,1264,3383],"cidade_regiao":[],"guia_cidade":[],"class_list":["post-12147","post","type-post","status-publish","format-standard","has-post-thumbnail","hentry","category-cultura","category-juiz-de-fora","category-regionais","tag-cultura","tag-festa-alema","tag-gastronomia","tag-juiz-de-fora","tag-patrimonio-cultural"],"_links":{"self":[{"href":"https:\/\/guiacataguases.com.br\/nova\/wp-json\/wp\/v2\/posts\/12147","targetHints":{"allow":["GET"]}}],"collection":[{"href":"https:\/\/guiacataguases.com.br\/nova\/wp-json\/wp\/v2\/posts"}],"about":[{"href":"https:\/\/guiacataguases.com.br\/nova\/wp-json\/wp\/v2\/types\/post"}],"author":[{"embeddable":true,"href":"https:\/\/guiacataguases.com.br\/nova\/wp-json\/wp\/v2\/users\/5"}],"replies":[{"embeddable":true,"href":"https:\/\/guiacataguases.com.br\/nova\/wp-json\/wp\/v2\/comments?post=12147"}],"version-history":[{"count":0,"href":"https:\/\/guiacataguases.com.br\/nova\/wp-json\/wp\/v2\/posts\/12147\/revisions"}],"wp:featuredmedia":[{"embeddable":true,"href":"https:\/\/guiacataguases.com.br\/nova\/wp-json\/wp\/v2\/media\/3303"}],"wp:attachment":[{"href":"https:\/\/guiacataguases.com.br\/nova\/wp-json\/wp\/v2\/media?parent=12147"}],"wp:term":[{"taxonomy":"category","embeddable":true,"href":"https:\/\/guiacataguases.com.br\/nova\/wp-json\/wp\/v2\/categories?post=12147"},{"taxonomy":"post_tag","embeddable":true,"href":"https:\/\/guiacataguases.com.br\/nova\/wp-json\/wp\/v2\/tags?post=12147"},{"taxonomy":"cidade_regiao","embeddable":true,"href":"https:\/\/guiacataguases.com.br\/nova\/wp-json\/wp\/v2\/cidade_regiao?post=12147"},{"taxonomy":"guia_cidade","embeddable":true,"href":"https:\/\/guiacataguases.com.br\/nova\/wp-json\/wp\/v2\/guia_cidade?post=12147"}],"curies":[{"name":"wp","href":"https:\/\/api.w.org\/{rel}","templated":true}]}}