{"id":12177,"date":"2026-09-03T01:31:52","date_gmt":"2026-09-03T04:31:52","guid":{"rendered":"https:\/\/guiacataguases.com.br\/nova\/noticias\/fim-da-escala-6x1-avanca-no-senado-e-segue-para-votacao-no-plenario\/"},"modified":"2026-09-03T01:31:52","modified_gmt":"2026-09-03T04:31:52","slug":"fim-da-escala-6x1-avanca-no-senado-e-segue-para-votacao-no-plenario","status":"publish","type":"post","link":"https:\/\/guiacataguases.com.br\/nova\/noticias\/fim-da-escala-6x1-avanca-no-senado-e-segue-para-votacao-no-plenario\/","title":{"rendered":"Fim da Escala 6&#215;1 avan\u00e7a no Senado e segue para vota\u00e7\u00e3o no Plen\u00e1rio"},"content":{"rendered":"<p><i>Proposta que visa alterar a jornada de trabalho avan\u00e7a na Casa Legislativa.<\/i><\/p>\n<hr>\n<p>O Senado Federal deu um passo importante para a altera\u00e7\u00e3o da jornada de trabalho ao avan\u00e7ar com a proposta que extingue a escala 6&#215;1. A medida, que j\u00e1 foi aprovada em comiss\u00f5es, agora segue para vota\u00e7\u00e3o no Plen\u00e1rio, onde ser\u00e1 debatida por todos os senadores.<\/p>\n<p>A proposta visa modificar a forma como os trabalhadores s\u00e3o escalados, buscando uma maior flexibilidade e adequa\u00e7\u00e3o \u00e0s necessidades do mercado de trabalho. Com a extin\u00e7\u00e3o da escala 6&#215;1, os empregadores poder\u00e3o ter mais liberdade para organizar as jornadas de trabalho, o que pode impactar positivamente na produtividade e no bem-estar dos funcion\u00e1rios.<\/p>\n<p>A expectativa \u00e9 de que a vota\u00e7\u00e3o ocorra em breve, e a proposta pode gerar um amplo debate sobre as implica\u00e7\u00f5es dessa mudan\u00e7a nas rela\u00e7\u00f5es trabalhistas no Brasil. Especialistas apontam que, embora a medida tenha potencial para trazer benef\u00edcios, \u00e9 fundamental que sejam garantidos direitos e prote\u00e7\u00e3o aos trabalhadores durante a transi\u00e7\u00e3o para novas formas de jornada.<\/p>\n","protected":false},"excerpt":{"rendered":"<p>Senado avan\u00e7a com proposta que extingue a escala 6&#215;1, alterando a jornada de trabalho.<\/p>\n","protected":false},"author":5,"featured_media":3322,"comment_status":"closed","ping_status":"open","sticky":false,"template":"","format":"standard","meta":{"footnotes":""},"categories":[1360,4367],"tags":[2689,3514,1778,8853,2496],"cidade_regiao":[],"guia_cidade":[],"class_list":["post-12177","post","type-post","status-publish","format-standard","has-post-thumbnail","hentry","category-politica","category-regionais","tag-direitos-trabalhistas","tag-jornada-de-trabalho","tag-legislacao","tag-proposta","tag-senado"],"_links":{"self":[{"href":"https:\/\/guiacataguases.com.br\/nova\/wp-json\/wp\/v2\/posts\/12177","targetHints":{"allow":["GET"]}}],"collection":[{"href":"https:\/\/guiacataguases.com.br\/nova\/wp-json\/wp\/v2\/posts"}],"about":[{"href":"https:\/\/guiacataguases.com.br\/nova\/wp-json\/wp\/v2\/types\/post"}],"author":[{"embeddable":true,"href":"https:\/\/guiacataguases.com.br\/nova\/wp-json\/wp\/v2\/users\/5"}],"replies":[{"embeddable":true,"href":"https:\/\/guiacataguases.com.br\/nova\/wp-json\/wp\/v2\/comments?post=12177"}],"version-history":[{"count":0,"href":"https:\/\/guiacataguases.com.br\/nova\/wp-json\/wp\/v2\/posts\/12177\/revisions"}],"wp:featuredmedia":[{"embeddable":true,"href":"https:\/\/guiacataguases.com.br\/nova\/wp-json\/wp\/v2\/media\/3322"}],"wp:attachment":[{"href":"https:\/\/guiacataguases.com.br\/nova\/wp-json\/wp\/v2\/media?parent=12177"}],"wp:term":[{"taxonomy":"category","embeddable":true,"href":"https:\/\/guiacataguases.com.br\/nova\/wp-json\/wp\/v2\/categories?post=12177"},{"taxonomy":"post_tag","embeddable":true,"href":"https:\/\/guiacataguases.com.br\/nova\/wp-json\/wp\/v2\/tags?post=12177"},{"taxonomy":"cidade_regiao","embeddable":true,"href":"https:\/\/guiacataguases.com.br\/nova\/wp-json\/wp\/v2\/cidade_regiao?post=12177"},{"taxonomy":"guia_cidade","embeddable":true,"href":"https:\/\/guiacataguases.com.br\/nova\/wp-json\/wp\/v2\/guia_cidade?post=12177"}],"curies":[{"name":"wp","href":"https:\/\/api.w.org\/{rel}","templated":true}]}}