{"id":12178,"date":"2026-09-03T01:32:48","date_gmt":"2026-09-03T04:32:48","guid":{"rendered":"https:\/\/guiacataguases.com.br\/nova\/noticias\/cleitinho-azevedo-falta-a-entrevista-do-mg1-em-juiz-de-fora\/"},"modified":"2026-09-03T01:32:48","modified_gmt":"2026-09-03T04:32:48","slug":"cleitinho-azevedo-falta-a-entrevista-do-mg1-em-juiz-de-fora","status":"publish","type":"post","link":"https:\/\/guiacataguases.com.br\/nova\/noticias\/cleitinho-azevedo-falta-a-entrevista-do-mg1-em-juiz-de-fora\/","title":{"rendered":"Cleitinho Azevedo falta a entrevista do MG1 em Juiz de Fora"},"content":{"rendered":"<p><i>Candidato do Republicanos estava agendado para participar da s\u00e9rie de entrevistas nesta quarta-feira (2)<\/i><\/p>\n<hr>\n<p>O candidato Cleitinho Azevedo, do Republicanos, n\u00e3o compareceu \u00e0 entrevista agendada para esta quarta-feira (2) no programa MG1, transmitido pela TV Integra\u00e7\u00e3o em Juiz de Fora. A s\u00e9rie de entrevistas com postulantes ao governo de Minas Gerais, definida por sorteio na presen\u00e7a de representantes dos partidos, prossegue mesmo sem a presen\u00e7a do candidato.  <\/p>\n<p>De acordo com a assessoria de Cleitinho, sua aus\u00eancia se deve \u00e0 participa\u00e7\u00e3o em vota\u00e7\u00f5es no Senado, onde est\u00e1 em Bras\u00edlia. A s\u00e9rie de entrevistas continuar\u00e1 na quinta-feira (3), com Mateus Sim\u00f5es, candidato pelo PSD. Gabriel Azevedo, do MDB, ser\u00e1 o \u00faltimo a se apresentar, com participa\u00e7\u00e3o programada para o pr\u00f3ximo s\u00e1bado (5).  <\/p>\n<p>Na sequ\u00eancia da s\u00e9rie, Alexandre Kalil, do PDT, foi o primeiro a ser entrevistado, aparecendo no est\u00fadio da TV Integra\u00e7\u00e3o na segunda-feira (31). Na ter\u00e7a-feira (1\u00ba), Patrus Ananias, do PT, tamb\u00e9m teve a oportunidade de apresentar suas propostas ao p\u00fablico.<\/p>\n","protected":false},"excerpt":{"rendered":"<p>Cleitinho Azevedo, candidato do Republicanos, faltou \u00e0 entrevista do MG1 devido a compromissos em Bras\u00edlia.<\/p>\n","protected":false},"author":5,"featured_media":3322,"comment_status":"closed","ping_status":"open","sticky":false,"template":"","format":"standard","meta":{"footnotes":""},"categories":[8070,1360,4367],"tags":[3032,2059,1264,8854,2982],"cidade_regiao":[],"guia_cidade":[],"class_list":["post-12178","post","type-post","status-publish","format-standard","has-post-thumbnail","hentry","category-juiz-de-fora","category-politica","category-regionais","tag-cleitinho-azevedo","tag-eleicoes-2026","tag-juiz-de-fora","tag-mg1","tag-republicanos"],"_links":{"self":[{"href":"https:\/\/guiacataguases.com.br\/nova\/wp-json\/wp\/v2\/posts\/12178","targetHints":{"allow":["GET"]}}],"collection":[{"href":"https:\/\/guiacataguases.com.br\/nova\/wp-json\/wp\/v2\/posts"}],"about":[{"href":"https:\/\/guiacataguases.com.br\/nova\/wp-json\/wp\/v2\/types\/post"}],"author":[{"embeddable":true,"href":"https:\/\/guiacataguases.com.br\/nova\/wp-json\/wp\/v2\/users\/5"}],"replies":[{"embeddable":true,"href":"https:\/\/guiacataguases.com.br\/nova\/wp-json\/wp\/v2\/comments?post=12178"}],"version-history":[{"count":0,"href":"https:\/\/guiacataguases.com.br\/nova\/wp-json\/wp\/v2\/posts\/12178\/revisions"}],"wp:featuredmedia":[{"embeddable":true,"href":"https:\/\/guiacataguases.com.br\/nova\/wp-json\/wp\/v2\/media\/3322"}],"wp:attachment":[{"href":"https:\/\/guiacataguases.com.br\/nova\/wp-json\/wp\/v2\/media?parent=12178"}],"wp:term":[{"taxonomy":"category","embeddable":true,"href":"https:\/\/guiacataguases.com.br\/nova\/wp-json\/wp\/v2\/categories?post=12178"},{"taxonomy":"post_tag","embeddable":true,"href":"https:\/\/guiacataguases.com.br\/nova\/wp-json\/wp\/v2\/tags?post=12178"},{"taxonomy":"cidade_regiao","embeddable":true,"href":"https:\/\/guiacataguases.com.br\/nova\/wp-json\/wp\/v2\/cidade_regiao?post=12178"},{"taxonomy":"guia_cidade","embeddable":true,"href":"https:\/\/guiacataguases.com.br\/nova\/wp-json\/wp\/v2\/guia_cidade?post=12178"}],"curies":[{"name":"wp","href":"https:\/\/api.w.org\/{rel}","templated":true}]}}