{"id":12181,"date":"2026-09-03T01:32:59","date_gmt":"2026-09-03T04:32:59","guid":{"rendered":"https:\/\/guiacataguases.com.br\/nova\/noticias\/guarda-municipal-de-juiz-de-fora-inicia-uso-de-armas-de-fogo\/"},"modified":"2026-09-03T01:32:59","modified_gmt":"2026-09-03T04:32:59","slug":"guarda-municipal-de-juiz-de-fora-inicia-uso-de-armas-de-fogo","status":"publish","type":"post","link":"https:\/\/guiacataguases.com.br\/nova\/noticias\/guarda-municipal-de-juiz-de-fora-inicia-uso-de-armas-de-fogo\/","title":{"rendered":"Guarda Municipal de Juiz de Fora inicia uso de armas de fogo"},"content":{"rendered":"<p><i>A cerim\u00f4nia de oficializa\u00e7\u00e3o ocorre nesta quinta-feira, \u00e0s 15h, na sede da prefeitura.<\/i><\/p>\n<hr>\n<p>A Guarda Municipal de Juiz de Fora come\u00e7ar\u00e1 a atuar armada a partir desta quinta-feira, 3 de setembro de 2026. A oficializa\u00e7\u00e3o do uso de armas de fogo ser\u00e1 marcada por uma cerim\u00f4nia que ocorrer\u00e1 \u00e0s 15h, no pr\u00e9dio-sede da Prefeitura de Juiz de Fora (PJF). O armamento foi anunciado pela prefeita Margarida Salom\u00e3o em julho de 2025, ap\u00f3s a formaliza\u00e7\u00e3o de um conv\u00eanio com a Pol\u00edcia Federal.<\/p>\n<p>Atualmente, a corpora\u00e7\u00e3o conta com 106 agentes, que at\u00e9 ent\u00e3o utilizavam equipamentos de menor potencial ofensivo, como g\u00e1s incapacitante e dispositivos el\u00e9tricos, conhecidos como tasers. A capacita\u00e7\u00e3o dos guardas para o uso de armas de fogo ser\u00e1 realizada sob a supervis\u00e3o da Pol\u00edcia Federal, com a participa\u00e7\u00e3o do Ex\u00e9rcito Brasileiro na elabora\u00e7\u00e3o do planejamento estrat\u00e9gico.<\/p>\n<p>A administra\u00e7\u00e3o municipal informou que o porte de armas ser\u00e1 concedido apenas aos agentes que forem considerados aptos em todas as etapas de avalia\u00e7\u00e3o. A Prefeitura ainda n\u00e3o respondeu sobre quantos agentes est\u00e3o em capacita\u00e7\u00e3o e quais armas espec\u00edficas ser\u00e3o utilizadas pela Guarda Municipal.<\/p>\n","protected":false},"excerpt":{"rendered":"<p>Guarda Municipal de Juiz de Fora come\u00e7a a atuar armada a partir de quinta-feira, 3 de setembro.<\/p>\n","protected":false},"author":5,"featured_media":3437,"comment_status":"closed","ping_status":"open","sticky":false,"template":"","format":"standard","meta":{"footnotes":""},"categories":[8070,1361,4367],"tags":[3084,2479,1264,2209,1540],"cidade_regiao":[],"guia_cidade":[],"class_list":["post-12181","post","type-post","status-publish","format-standard","has-post-thumbnail","hentry","category-juiz-de-fora","category-policia","category-regionais","tag-armamento","tag-guarda-municipal","tag-juiz-de-fora","tag-policia-federal","tag-seguranca-publica"],"_links":{"self":[{"href":"https:\/\/guiacataguases.com.br\/nova\/wp-json\/wp\/v2\/posts\/12181","targetHints":{"allow":["GET"]}}],"collection":[{"href":"https:\/\/guiacataguases.com.br\/nova\/wp-json\/wp\/v2\/posts"}],"about":[{"href":"https:\/\/guiacataguases.com.br\/nova\/wp-json\/wp\/v2\/types\/post"}],"author":[{"embeddable":true,"href":"https:\/\/guiacataguases.com.br\/nova\/wp-json\/wp\/v2\/users\/5"}],"replies":[{"embeddable":true,"href":"https:\/\/guiacataguases.com.br\/nova\/wp-json\/wp\/v2\/comments?post=12181"}],"version-history":[{"count":0,"href":"https:\/\/guiacataguases.com.br\/nova\/wp-json\/wp\/v2\/posts\/12181\/revisions"}],"wp:featuredmedia":[{"embeddable":true,"href":"https:\/\/guiacataguases.com.br\/nova\/wp-json\/wp\/v2\/media\/3437"}],"wp:attachment":[{"href":"https:\/\/guiacataguases.com.br\/nova\/wp-json\/wp\/v2\/media?parent=12181"}],"wp:term":[{"taxonomy":"category","embeddable":true,"href":"https:\/\/guiacataguases.com.br\/nova\/wp-json\/wp\/v2\/categories?post=12181"},{"taxonomy":"post_tag","embeddable":true,"href":"https:\/\/guiacataguases.com.br\/nova\/wp-json\/wp\/v2\/tags?post=12181"},{"taxonomy":"cidade_regiao","embeddable":true,"href":"https:\/\/guiacataguases.com.br\/nova\/wp-json\/wp\/v2\/cidade_regiao?post=12181"},{"taxonomy":"guia_cidade","embeddable":true,"href":"https:\/\/guiacataguases.com.br\/nova\/wp-json\/wp\/v2\/guia_cidade?post=12181"}],"curies":[{"name":"wp","href":"https:\/\/api.w.org\/{rel}","templated":true}]}}