{"id":12185,"date":"2026-09-03T01:33:13","date_gmt":"2026-09-03T04:33:13","guid":{"rendered":"https:\/\/guiacataguases.com.br\/nova\/noticias\/tres-candidatos-participam-de-debate-para-governo-de-minas-gerais\/"},"modified":"2026-09-03T01:33:13","modified_gmt":"2026-09-03T04:33:13","slug":"tres-candidatos-participam-de-debate-para-governo-de-minas-gerais","status":"publish","type":"post","link":"https:\/\/guiacataguases.com.br\/nova\/noticias\/tres-candidatos-participam-de-debate-para-governo-de-minas-gerais\/","title":{"rendered":"Tr\u00eas candidatos participam de debate para governo de Minas Gerais"},"content":{"rendered":"<p><i>Quatro candidatos desistem de \u00faltima hora e cr\u00edticas s\u00e3o feitas durante o evento.<\/i><\/p>\n<hr>\n<p>Na noite de quarta-feira (2\/9), tr\u00eas candidatos ao governo de Minas Gerais participaram do debate promovido pela r\u00e1dio TMC e pela TV Sim. Dos sete convidados, apenas Fl\u00e1vio Roscoe (PL), Gabriel Azevedo (MDB) e Ben Mendes (Miss\u00e3o) compareceram, enquanto quatro candidatos desistiram de \u00faltima hora.<\/p>\n<p>Os ausentes foram Alexandre Kalil (PDT), Mateus Sim\u00f5es (PSD), Cleitinho Azevedo (Republicanos) e Patrus Ananias (PT). Para evidenciar as faltas, os p\u00falpitos com os nomes dos candidatos ausentes permaneceram no est\u00fadio durante todo o debate.<\/p>\n<p>O apresentador Andr\u00e9 Rocha iniciou o programa lendo um editorial das emissoras, que criticou a aus\u00eancia dos candidatos. Segundo o editorial, os ausentes alegaram incompatibilidade de agenda, embora j\u00e1 tivessem participado do processo de defini\u00e7\u00e3o das regras do debate e soubessem da data com anteced\u00eancia.<\/p>\n","protected":false},"excerpt":{"rendered":"<p>Tr\u00eas candidatos ao governo de Minas participam de debate, enquanto quatro desistem e s\u00e3o criticados.<\/p>\n","protected":false},"author":5,"featured_media":3323,"comment_status":"closed","ping_status":"open","sticky":false,"template":"","format":"standard","meta":{"footnotes":""},"categories":[1360,4367],"tags":[6959,8401,2059,1654,1316],"cidade_regiao":[],"guia_cidade":[],"class_list":["post-12185","post","type-post","status-publish","format-standard","has-post-thumbnail","hentry","category-politica","category-regionais","tag-candidatos","tag-debate","tag-eleicoes-2026","tag-governo","tag-minas-gerais"],"_links":{"self":[{"href":"https:\/\/guiacataguases.com.br\/nova\/wp-json\/wp\/v2\/posts\/12185","targetHints":{"allow":["GET"]}}],"collection":[{"href":"https:\/\/guiacataguases.com.br\/nova\/wp-json\/wp\/v2\/posts"}],"about":[{"href":"https:\/\/guiacataguases.com.br\/nova\/wp-json\/wp\/v2\/types\/post"}],"author":[{"embeddable":true,"href":"https:\/\/guiacataguases.com.br\/nova\/wp-json\/wp\/v2\/users\/5"}],"replies":[{"embeddable":true,"href":"https:\/\/guiacataguases.com.br\/nova\/wp-json\/wp\/v2\/comments?post=12185"}],"version-history":[{"count":0,"href":"https:\/\/guiacataguases.com.br\/nova\/wp-json\/wp\/v2\/posts\/12185\/revisions"}],"wp:featuredmedia":[{"embeddable":true,"href":"https:\/\/guiacataguases.com.br\/nova\/wp-json\/wp\/v2\/media\/3323"}],"wp:attachment":[{"href":"https:\/\/guiacataguases.com.br\/nova\/wp-json\/wp\/v2\/media?parent=12185"}],"wp:term":[{"taxonomy":"category","embeddable":true,"href":"https:\/\/guiacataguases.com.br\/nova\/wp-json\/wp\/v2\/categories?post=12185"},{"taxonomy":"post_tag","embeddable":true,"href":"https:\/\/guiacataguases.com.br\/nova\/wp-json\/wp\/v2\/tags?post=12185"},{"taxonomy":"cidade_regiao","embeddable":true,"href":"https:\/\/guiacataguases.com.br\/nova\/wp-json\/wp\/v2\/cidade_regiao?post=12185"},{"taxonomy":"guia_cidade","embeddable":true,"href":"https:\/\/guiacataguases.com.br\/nova\/wp-json\/wp\/v2\/guia_cidade?post=12185"}],"curies":[{"name":"wp","href":"https:\/\/api.w.org\/{rel}","templated":true}]}}