{"id":12186,"date":"2026-09-03T01:33:17","date_gmt":"2026-09-03T04:33:17","guid":{"rendered":"https:\/\/guiacataguases.com.br\/nova\/noticias\/debate-entre-candidatos-ao-governo-de-minas-gera-tensao-e-acusacoes-de-fake-news\/"},"modified":"2026-09-03T01:33:17","modified_gmt":"2026-09-03T04:33:17","slug":"debate-entre-candidatos-ao-governo-de-minas-gera-tensao-e-acusacoes-de-fake-news","status":"publish","type":"post","link":"https:\/\/guiacataguases.com.br\/nova\/noticias\/debate-entre-candidatos-ao-governo-de-minas-gera-tensao-e-acusacoes-de-fake-news\/","title":{"rendered":"Debate entre candidatos ao governo de Minas gera tens\u00e3o e acusa\u00e7\u00f5es de fake news"},"content":{"rendered":"<p><i>Ben Mendes e Gabriel Azevedo trocam farpas durante debate realizado em 2 de setembro.<\/i><\/p>\n<hr>\n<p>O debate entre os candidatos ao governo de Minas Gerais, Ben Mendes (Miss\u00e3o) e Gabriel Azevedo (MDB), realizado na quarta-feira (2\/9), come\u00e7ou com um clima de tens\u00e3o logo na primeira pergunta. Azevedo questionou a aus\u00eancia de Mendes no debate da TV Horizonte, que ocorreu na \u00faltima sexta-feira (28), onde apenas ele esteve presente. Mendes acusou seus advers\u00e1rios de um &#8216;conluio&#8217; para boicot\u00e1-lo, afirmando que foi convidado com apenas 48 horas de anteced\u00eancia, o que dificultou sua prepara\u00e7\u00e3o.<\/p>\n<p>Durante o debate, Mendes criticou Azevedo por disseminar informa\u00e7\u00f5es falsas. &#8220;Gabriel, n\u00f3s devemos ser respons\u00e1veis. Fake news n\u00e3o pode acontecer. Voc\u00ea, como um candidato ao governo, n\u00e3o pode induzir o p\u00fablico em erro&#8221;, afirmou. O candidato do Miss\u00e3o tamb\u00e9m defendeu que seu plano de governo foi apresentado ao Tribunal Superior Eleitoral (TSE) no dia 14 de agosto, contradizendo a afirma\u00e7\u00e3o de Azevedo de que ele n\u00e3o havia apresentado tal documento.<\/p>\n<p>Azevedo, por sua vez, pediu direito de resposta, reiterando que Mendes n\u00e3o compareceu ao debate anterior e que seu plano de governo n\u00e3o estava dispon\u00edvel na plataforma do TSE. Ele argumentou que o documento estaria em processo de anexa\u00e7\u00e3o e que Mendes n\u00e3o deveria acus\u00e1-lo de fake news, ressaltando que n\u00e3o desrespeita as pessoas e n\u00e3o usa a mis\u00e9ria alheia para promover sua imagem.<\/p>\n<p>O debate, que se mostrou acalorado, trouxe \u00e0 tona n\u00e3o apenas as propostas dos candidatos, mas tamb\u00e9m suas condutas e declara\u00e7\u00f5es anteriores, como uma pol\u00eamica envolvendo Mendes e uma funcion\u00e1ria de uma loja em Betim, onde ele se envolveu em um confronto f\u00edsico. As trocas de acusa\u00e7\u00f5es e a defesa de suas posturas devem marcar os pr\u00f3ximos passos da campanha eleitoral em Minas Gerais.<\/p>\n","protected":false},"excerpt":{"rendered":"<p>Debate entre candidatos ao governo de Minas Gerais, Ben Mendes e Gabriel Azevedo, gera tens\u00e3o e acusa\u00e7\u00f5es de fake news.<\/p>\n","protected":false},"author":5,"featured_media":3323,"comment_status":"closed","ping_status":"open","sticky":false,"template":"","format":"standard","meta":{"footnotes":""},"categories":[1360,4367],"tags":[8401,2449,6455,1654,1316],"cidade_regiao":[],"guia_cidade":[],"class_list":["post-12186","post","type-post","status-publish","format-standard","has-post-thumbnail","hentry","category-politica","category-regionais","tag-debate","tag-fake-news","tag-gabriel-azevedo","tag-governo","tag-minas-gerais"],"_links":{"self":[{"href":"https:\/\/guiacataguases.com.br\/nova\/wp-json\/wp\/v2\/posts\/12186","targetHints":{"allow":["GET"]}}],"collection":[{"href":"https:\/\/guiacataguases.com.br\/nova\/wp-json\/wp\/v2\/posts"}],"about":[{"href":"https:\/\/guiacataguases.com.br\/nova\/wp-json\/wp\/v2\/types\/post"}],"author":[{"embeddable":true,"href":"https:\/\/guiacataguases.com.br\/nova\/wp-json\/wp\/v2\/users\/5"}],"replies":[{"embeddable":true,"href":"https:\/\/guiacataguases.com.br\/nova\/wp-json\/wp\/v2\/comments?post=12186"}],"version-history":[{"count":0,"href":"https:\/\/guiacataguases.com.br\/nova\/wp-json\/wp\/v2\/posts\/12186\/revisions"}],"wp:featuredmedia":[{"embeddable":true,"href":"https:\/\/guiacataguases.com.br\/nova\/wp-json\/wp\/v2\/media\/3323"}],"wp:attachment":[{"href":"https:\/\/guiacataguases.com.br\/nova\/wp-json\/wp\/v2\/media?parent=12186"}],"wp:term":[{"taxonomy":"category","embeddable":true,"href":"https:\/\/guiacataguases.com.br\/nova\/wp-json\/wp\/v2\/categories?post=12186"},{"taxonomy":"post_tag","embeddable":true,"href":"https:\/\/guiacataguases.com.br\/nova\/wp-json\/wp\/v2\/tags?post=12186"},{"taxonomy":"cidade_regiao","embeddable":true,"href":"https:\/\/guiacataguases.com.br\/nova\/wp-json\/wp\/v2\/cidade_regiao?post=12186"},{"taxonomy":"guia_cidade","embeddable":true,"href":"https:\/\/guiacataguases.com.br\/nova\/wp-json\/wp\/v2\/guia_cidade?post=12186"}],"curies":[{"name":"wp","href":"https:\/\/api.w.org\/{rel}","templated":true}]}}