{"id":12187,"date":"2026-09-03T01:33:22","date_gmt":"2026-09-03T04:33:22","guid":{"rendered":"https:\/\/guiacataguases.com.br\/nova\/noticias\/minas-gerais-cria-comite-para-enfrentar-efeitos-do-super-el-nino\/"},"modified":"2026-09-03T01:33:22","modified_gmt":"2026-09-03T04:33:22","slug":"minas-gerais-cria-comite-para-enfrentar-efeitos-do-super-el-nino","status":"publish","type":"post","link":"https:\/\/guiacataguases.com.br\/nova\/noticias\/minas-gerais-cria-comite-para-enfrentar-efeitos-do-super-el-nino\/","title":{"rendered":"Minas Gerais cria comit\u00ea para enfrentar efeitos do super El Ni\u00f1o"},"content":{"rendered":"<p><i>Medidas visam mitigar os impactos da seca severa no Norte de Minas e vales do Jequitinhonha e Mucuri.<\/i><\/p>\n<hr>\n<p>Em resposta \u00e0 previs\u00e3o de uma severa seca ocasionada pelo super El Ni\u00f1o, o governador de Minas Gerais, Mateus Sim\u00f5es, assinou um decreto nesta quarta-feira (2\/9) que institui o Comit\u00ea Estadual de Enfrentamento aos Efeitos do El Ni\u00f1o. As a\u00e7\u00f5es do comit\u00ea ser\u00e3o direcionadas principalmente para as regi\u00f5es mais afetadas, como o Norte de Minas e os vales do Jequitinhonha e do Mucuri, que historicamente enfrentam problemas de escassez h\u00eddrica.<\/p>\n<p>O ato de assinatura ocorreu em Montes Claros e contou com a presen\u00e7a de representantes de v\u00e1rias secretarias estaduais, incluindo a Defesa Civil, Agricultura e Pecu\u00e1ria, e Desenvolvimento Social. O governador destacou que a m\u00e9dia anual de chuvas na regi\u00e3o \u00e9 de 800 mil\u00edmetros, mas a expectativa \u00e9 de uma perda de 50 a 100 mil\u00edmetros devido \u00e0s condi\u00e7\u00f5es clim\u00e1ticas adversas. &#8220;Isso significa perder cerca de 25% de toda a chuva que estava prevista&#8221;, alertou Sim\u00f5es.<\/p>\n<p>Uma das principais medidas anunciadas \u00e9 a cria\u00e7\u00e3o de uma estrutura para distribuir 94 milh\u00f5es de litros de \u00e1gua pot\u00e1vel, beneficiando aproximadamente 215 mil pessoas. Para isso, o governo j\u00e1 disponibilizou 80 caminh\u00f5es-pipa para atender emergencialmente os munic\u00edpios afetados pela falta d&#8217;\u00e1gua. Sim\u00f5es informou que dez munic\u00edpios j\u00e1 est\u00e3o na fila para receber assist\u00eancia.<\/p>\n<p>Embora o governo n\u00e3o tenha divulgado o n\u00famero exato de cidades em situa\u00e7\u00e3o de emerg\u00eancia, a Associa\u00e7\u00e3o dos Munic\u00edpios da \u00c1rea Mineira da Sudene (Amams) reportou que 46 munic\u00edpios j\u00e1 enfrentam essa situa\u00e7\u00e3o devido \u00e0 seca rigorosa. A tend\u00eancia \u00e9 que esse n\u00famero aumente, com pelo menos outros 40 munic\u00edpios se preparando para declarar emerg\u00eancia, em virtude dos danos nas lavouras e da escassez de \u00e1gua.<\/p>\n","protected":false},"excerpt":{"rendered":"<p>Minas Gerais institui comit\u00ea para mitigar os efeitos da seca severa causada pelo super El Ni\u00f1o, com foco no Norte de Minas e vales do Jequitinhonha e Mucuri.<\/p>\n","protected":false},"author":5,"featured_media":3437,"comment_status":"closed","ping_status":"open","sticky":false,"template":"","format":"standard","meta":{"footnotes":""},"categories":[1361,4367],"tags":[8858,7039,1654,1316,8857],"cidade_regiao":[],"guia_cidade":[],"class_list":["post-12187","post","type-post","status-publish","format-standard","has-post-thumbnail","hentry","category-policia","category-regionais","tag-comite-estadual","tag-el-nino","tag-governo","tag-minas-gerais","tag-seca"],"_links":{"self":[{"href":"https:\/\/guiacataguases.com.br\/nova\/wp-json\/wp\/v2\/posts\/12187","targetHints":{"allow":["GET"]}}],"collection":[{"href":"https:\/\/guiacataguases.com.br\/nova\/wp-json\/wp\/v2\/posts"}],"about":[{"href":"https:\/\/guiacataguases.com.br\/nova\/wp-json\/wp\/v2\/types\/post"}],"author":[{"embeddable":true,"href":"https:\/\/guiacataguases.com.br\/nova\/wp-json\/wp\/v2\/users\/5"}],"replies":[{"embeddable":true,"href":"https:\/\/guiacataguases.com.br\/nova\/wp-json\/wp\/v2\/comments?post=12187"}],"version-history":[{"count":0,"href":"https:\/\/guiacataguases.com.br\/nova\/wp-json\/wp\/v2\/posts\/12187\/revisions"}],"wp:featuredmedia":[{"embeddable":true,"href":"https:\/\/guiacataguases.com.br\/nova\/wp-json\/wp\/v2\/media\/3437"}],"wp:attachment":[{"href":"https:\/\/guiacataguases.com.br\/nova\/wp-json\/wp\/v2\/media?parent=12187"}],"wp:term":[{"taxonomy":"category","embeddable":true,"href":"https:\/\/guiacataguases.com.br\/nova\/wp-json\/wp\/v2\/categories?post=12187"},{"taxonomy":"post_tag","embeddable":true,"href":"https:\/\/guiacataguases.com.br\/nova\/wp-json\/wp\/v2\/tags?post=12187"},{"taxonomy":"cidade_regiao","embeddable":true,"href":"https:\/\/guiacataguases.com.br\/nova\/wp-json\/wp\/v2\/cidade_regiao?post=12187"},{"taxonomy":"guia_cidade","embeddable":true,"href":"https:\/\/guiacataguases.com.br\/nova\/wp-json\/wp\/v2\/guia_cidade?post=12187"}],"curies":[{"name":"wp","href":"https:\/\/api.w.org\/{rel}","templated":true}]}}