{"id":12188,"date":"2026-09-03T01:33:27","date_gmt":"2026-09-03T04:33:27","guid":{"rendered":"https:\/\/guiacataguases.com.br\/nova\/noticias\/augusto-cury-propoe-pacificacao-do-brasil-em-candidatura-a-presidencia\/"},"modified":"2026-09-03T01:33:27","modified_gmt":"2026-09-03T04:33:27","slug":"augusto-cury-propoe-pacificacao-do-brasil-em-candidatura-a-presidencia","status":"publish","type":"post","link":"https:\/\/guiacataguases.com.br\/nova\/noticias\/augusto-cury-propoe-pacificacao-do-brasil-em-candidatura-a-presidencia\/","title":{"rendered":"Augusto Cury prop\u00f5e pacifica\u00e7\u00e3o do Brasil em candidatura \u00e0 presid\u00eancia"},"content":{"rendered":"<p><i>Candidato do Avante defende revis\u00e3o do Programa de Pleno Pagamento de D\u00edvidas dos Estados em visita a Belo Horizonte.<\/i><\/p>\n<hr>\n<p>O psiquiatra e candidato \u00e0 presid\u00eancia da Rep\u00fablica, Augusto Cury, manifestou seu desejo de governar o Brasil por quatro anos com o objetivo de &#8220;pacific\u00e1-lo&#8221; e, em seguida, &#8220;ir embora&#8221;. A declara\u00e7\u00e3o foi feita durante uma visita \u00e0 sede da Federa\u00e7\u00e3o da Agricultura e Pecu\u00e1ria do Estado de Minas Gerais (Faemg), na manh\u00e3 desta quarta-feira, 2 de setembro.<\/p>\n<p>Cury, que representa o partido Avante, destacou a necessidade de revisar os juros do Programa de Pleno Pagamento de D\u00edvidas dos Estados (Propag), que, segundo ele, s\u00e3o &#8220;cru\u00e9is&#8221; e &#8220;asfixiam os Estados&#8221;. O candidato tamb\u00e9m defendeu a cria\u00e7\u00e3o de um novo pacto federativo que beneficie os munic\u00edpios, afirmando que \u00e9 preciso unir esfor\u00e7os de diversos setores para resolver a crise das d\u00edvidas estaduais.<\/p>\n<p>&#8220;Eu sei que os estados est\u00e3o atolados. Temos que rever com os melhores juristas, porque n\u00e3o pode haver mais guerra&#8221;, disse Cury, enfatizando que seu objetivo n\u00e3o \u00e9 construir uma carreira pol\u00edtica, mas sim contribuir para a pacifica\u00e7\u00e3o do pa\u00eds. Ele acredita que o poder e a fama podem &#8220;infectar a mente&#8221; e, por isso, deseja trabalhar em conjunto com especialistas para colocar o Brasil nos trilhos.<\/p>\n<p>Recentemente, Cury teve um aumento significativo em sua inten\u00e7\u00e3o de votos, conforme pesquisa BTG\/Nexus, passando de 2% para 11%, consolidando-se como uma das principais figuras da chamada &#8220;terceira via&#8221;. No mesmo levantamento, o presidente Luiz In\u00e1cio Lula da Silva lidera com 39%, seguido por Fl\u00e1vio Bolsonaro com 33%.<\/p>\n<p>Al\u00e9m de suas propostas para a economia, Cury tamb\u00e9m defendeu investimentos em energias renov\u00e1veis e agricultura sustent\u00e1vel, enfatizando a import\u00e2ncia de uma abordagem inovadora para a produ\u00e7\u00e3o de alimentos. Ele sugeriu que diplomatas brasileiros realizem feiras anuais para promover o pa\u00eds no exterior, em vez de depender de influenciadores digitais para essa tarefa.<\/p>\n<p>&#8220;O Brasil \u00e9 amado. Precisamos vender o Brasil com dignidade&#8221;, concluiu o candidato.<\/p>\n","protected":false},"excerpt":{"rendered":"<p>Augusto Cury, candidato \u00e0 presid\u00eancia, deseja pacificar o Brasil em quatro anos e critica juros do Propag durante visita a Minas Gerais.<\/p>\n","protected":false},"author":5,"featured_media":3322,"comment_status":"closed","ping_status":"open","sticky":false,"template":"","format":"standard","meta":{"footnotes":""},"categories":[1360,4367],"tags":[4168,2511,2059,1316,2283],"cidade_regiao":[],"guia_cidade":[],"class_list":["post-12188","post","type-post","status-publish","format-standard","has-post-thumbnail","hentry","category-politica","category-regionais","tag-augusto-cury","tag-candidatura","tag-eleicoes-2026","tag-minas-gerais","tag-presidencia"],"_links":{"self":[{"href":"https:\/\/guiacataguases.com.br\/nova\/wp-json\/wp\/v2\/posts\/12188","targetHints":{"allow":["GET"]}}],"collection":[{"href":"https:\/\/guiacataguases.com.br\/nova\/wp-json\/wp\/v2\/posts"}],"about":[{"href":"https:\/\/guiacataguases.com.br\/nova\/wp-json\/wp\/v2\/types\/post"}],"author":[{"embeddable":true,"href":"https:\/\/guiacataguases.com.br\/nova\/wp-json\/wp\/v2\/users\/5"}],"replies":[{"embeddable":true,"href":"https:\/\/guiacataguases.com.br\/nova\/wp-json\/wp\/v2\/comments?post=12188"}],"version-history":[{"count":0,"href":"https:\/\/guiacataguases.com.br\/nova\/wp-json\/wp\/v2\/posts\/12188\/revisions"}],"wp:featuredmedia":[{"embeddable":true,"href":"https:\/\/guiacataguases.com.br\/nova\/wp-json\/wp\/v2\/media\/3322"}],"wp:attachment":[{"href":"https:\/\/guiacataguases.com.br\/nova\/wp-json\/wp\/v2\/media?parent=12188"}],"wp:term":[{"taxonomy":"category","embeddable":true,"href":"https:\/\/guiacataguases.com.br\/nova\/wp-json\/wp\/v2\/categories?post=12188"},{"taxonomy":"post_tag","embeddable":true,"href":"https:\/\/guiacataguases.com.br\/nova\/wp-json\/wp\/v2\/tags?post=12188"},{"taxonomy":"cidade_regiao","embeddable":true,"href":"https:\/\/guiacataguases.com.br\/nova\/wp-json\/wp\/v2\/cidade_regiao?post=12188"},{"taxonomy":"guia_cidade","embeddable":true,"href":"https:\/\/guiacataguases.com.br\/nova\/wp-json\/wp\/v2\/guia_cidade?post=12188"}],"curies":[{"name":"wp","href":"https:\/\/api.w.org\/{rel}","templated":true}]}}