{"id":12277,"date":"2026-09-05T01:32:07","date_gmt":"2026-09-05T04:32:07","guid":{"rendered":"https:\/\/guiacataguases.com.br\/nova\/noticias\/mpmg-ajuiza-acao-contra-transporte-coletivo-de-barbacena-por-irregularidades\/"},"modified":"2026-09-05T01:32:07","modified_gmt":"2026-09-05T04:32:07","slug":"mpmg-ajuiza-acao-contra-transporte-coletivo-de-barbacena-por-irregularidades","status":"publish","type":"post","link":"https:\/\/guiacataguases.com.br\/nova\/noticias\/mpmg-ajuiza-acao-contra-transporte-coletivo-de-barbacena-por-irregularidades\/","title":{"rendered":"MPMG aju\u00edza a\u00e7\u00e3o contra transporte coletivo de Barbacena por irregularidades"},"content":{"rendered":"<p><i>A\u00e7\u00e3o exige regulariza\u00e7\u00e3o e apura\u00e7\u00e3o de falhas na concess\u00e3o do servi\u00e7o.<\/i><\/p>\n<hr>\n<p>O Minist\u00e9rio P\u00fablico de Minas Gerais (MPMG) entrou com uma A\u00e7\u00e3o Civil P\u00fablica nesta sexta-feira (4) contra a empresa Cidade das Rosas Transporte Coletivo Ltda. e a Prefeitura de Barbacena. O objetivo \u00e9 exigir medidas de regulariza\u00e7\u00e3o do transporte coletivo urbano e investigar a poss\u00edvel caducidade do contrato de concess\u00e3o, firmado em 2014.<\/p>\n<p>A a\u00e7\u00e3o foi proposta pela Promotoria de Justi\u00e7a de Defesa do Patrim\u00f4nio P\u00fablico ap\u00f3s a an\u00e1lise de informa\u00e7\u00f5es coletadas por uma Comiss\u00e3o Parlamentar de Inqu\u00e9rito (CPI) da C\u00e2mara Municipal. Os dados indicam uma deteriora\u00e7\u00e3o cont\u00ednua do servi\u00e7o, com relatos de cortes de linhas, altera\u00e7\u00f5es de itiner\u00e1rios, descumprimento de hor\u00e1rios, frota insuficiente e problemas de acessibilidade.<\/p>\n<p>Al\u00e9m disso, o MPMG aponta falhas na fiscaliza\u00e7\u00e3o por parte do munic\u00edpio, que, desde 2014, n\u00e3o teria designado formalmente um gestor ou fiscal do contrato. O Minist\u00e9rio P\u00fablico tamb\u00e9m destacou que reclama\u00e7\u00f5es de usu\u00e1rios n\u00e3o resultaram em processos administrativos ou multas \u00e0 concession\u00e1ria.<\/p>\n<p>A a\u00e7\u00e3o menciona epis\u00f3dios de seguran\u00e7a que preocupam os passageiros, como um inc\u00eandio em um \u00f4nibus em dezembro de 2025 e um acidente recente devido \u00e0 falha nos freios de um coletivo. O MPMG tamb\u00e9m questiona a falta de transpar\u00eancia sobre a situa\u00e7\u00e3o econ\u00f4mico-financeira da concess\u00e3o, dificultando a an\u00e1lise do equil\u00edbrio do contrato.<\/p>\n<p>Entre os pedidos do MPMG est\u00e1 a apresenta\u00e7\u00e3o de documentos cont\u00e1beis e financeiros dos \u00faltimos dois anos pela Cidade das Rosas, al\u00e9m de uma auditoria cont\u00e1bil independente. O Minist\u00e9rio P\u00fablico requer ainda que o munic\u00edpio inicie um procedimento administrativo para investigar poss\u00edveis descumprimentos contratuais e a eventual caducidade da concess\u00e3o.<\/p>\n<p>Caso as irregularidades sejam confirmadas, o MPMG solicita que a Justi\u00e7a determine a caducidade da concess\u00e3o e as medidas necess\u00e1rias para garantir a continuidade do transporte coletivo em Barbacena. A a\u00e7\u00e3o aguarda an\u00e1lise do Poder Judici\u00e1rio, e at\u00e9 o momento, n\u00e3o houve retorno da empresa Cidade das Rosas ou da Prefeitura sobre a situa\u00e7\u00e3o.<\/p>\n","protected":false},"excerpt":{"rendered":"<p>MPMG ajuiza a\u00e7\u00e3o civil contra transporte coletivo de Barbacena por irregularidades.<\/p>\n","protected":false},"author":5,"featured_media":3377,"comment_status":"closed","ping_status":"open","sticky":false,"template":"","format":"standard","meta":{"footnotes":""},"categories":[1361,4367],"tags":[8182,2022,8903,1693,3408],"cidade_regiao":[],"guia_cidade":[],"class_list":["post-12277","post","type-post","status-publish","format-standard","has-post-thumbnail","hentry","category-policia","category-regionais","tag-acao-civil","tag-barbacena","tag-cidade-das-rosas","tag-mpmg","tag-transporte-coletivo"],"_links":{"self":[{"href":"https:\/\/guiacataguases.com.br\/nova\/wp-json\/wp\/v2\/posts\/12277","targetHints":{"allow":["GET"]}}],"collection":[{"href":"https:\/\/guiacataguases.com.br\/nova\/wp-json\/wp\/v2\/posts"}],"about":[{"href":"https:\/\/guiacataguases.com.br\/nova\/wp-json\/wp\/v2\/types\/post"}],"author":[{"embeddable":true,"href":"https:\/\/guiacataguases.com.br\/nova\/wp-json\/wp\/v2\/users\/5"}],"replies":[{"embeddable":true,"href":"https:\/\/guiacataguases.com.br\/nova\/wp-json\/wp\/v2\/comments?post=12277"}],"version-history":[{"count":0,"href":"https:\/\/guiacataguases.com.br\/nova\/wp-json\/wp\/v2\/posts\/12277\/revisions"}],"wp:featuredmedia":[{"embeddable":true,"href":"https:\/\/guiacataguases.com.br\/nova\/wp-json\/wp\/v2\/media\/3377"}],"wp:attachment":[{"href":"https:\/\/guiacataguases.com.br\/nova\/wp-json\/wp\/v2\/media?parent=12277"}],"wp:term":[{"taxonomy":"category","embeddable":true,"href":"https:\/\/guiacataguases.com.br\/nova\/wp-json\/wp\/v2\/categories?post=12277"},{"taxonomy":"post_tag","embeddable":true,"href":"https:\/\/guiacataguases.com.br\/nova\/wp-json\/wp\/v2\/tags?post=12277"},{"taxonomy":"cidade_regiao","embeddable":true,"href":"https:\/\/guiacataguases.com.br\/nova\/wp-json\/wp\/v2\/cidade_regiao?post=12277"},{"taxonomy":"guia_cidade","embeddable":true,"href":"https:\/\/guiacataguases.com.br\/nova\/wp-json\/wp\/v2\/guia_cidade?post=12277"}],"curies":[{"name":"wp","href":"https:\/\/api.w.org\/{rel}","templated":true}]}}