{"id":12292,"date":"2026-09-05T16:33:44","date_gmt":"2026-09-05T19:33:44","guid":{"rendered":"https:\/\/guiacataguases.com.br\/nova\/noticias\/cinco-condenados-a-mais-de-232-anos-por-trafico-em-tocantins\/"},"modified":"2026-09-05T16:33:44","modified_gmt":"2026-09-05T19:33:44","slug":"cinco-condenados-a-mais-de-232-anos-por-trafico-em-tocantins","status":"publish","type":"post","link":"https:\/\/guiacataguases.com.br\/nova\/noticias\/cinco-condenados-a-mais-de-232-anos-por-trafico-em-tocantins\/","title":{"rendered":"Cinco condenados a mais de 232 anos por tr\u00e1fico em Tocantins"},"content":{"rendered":"<p><i>Grupo ligado ao Comando Vermelho atuava com viol\u00eancia e tr\u00e1fico de drogas na Zona da Mata mineira.<\/i><\/p>\n<hr>\n<p>Cinco indiv\u00edduos foram condenados a penas que somam mais de 232 anos de pris\u00e3o por integrarem uma organiza\u00e7\u00e3o criminosa em Tocantins, Minas Gerais. De acordo com o Minist\u00e9rio P\u00fablico, o grupo possu\u00eda uma estrutura hierarquizada e se dedicava ao tr\u00e1fico de drogas, al\u00e9m de utilizar a viol\u00eancia para manter o dom\u00ednio territorial na regi\u00e3o.<\/p>\n<p>As penas individuais variam entre 31 e 57 anos de reclus\u00e3o. A investiga\u00e7\u00e3o revelou que os condenados seguiam orienta\u00e7\u00f5es de l\u00edderes da fac\u00e7\u00e3o Comando Vermelho, que est\u00e3o presos no Rio de Janeiro. As a\u00e7\u00f5es do grupo geraram temor entre os moradores, que viviam sob a amea\u00e7a de viol\u00eancia e intimida\u00e7\u00e3o.<\/p>\n<p>Os r\u00e9us foram considerados culpados pelos crimes de organiza\u00e7\u00e3o criminosa armada, tr\u00e1fico de drogas e uso de im\u00f3vel para fins il\u00edcitos. A decis\u00e3o judicial levou em conta a participa\u00e7\u00e3o de cada um nos crimes, resultando em aumentos de pena devido ao uso de armas de fogo e \u00e0 vincula\u00e7\u00e3o com a fac\u00e7\u00e3o criminosa. As penas aplicadas foram: 31 anos e seis meses; 50 anos, oito meses e 18 dias; 43 anos e tr\u00eas meses; 57 anos, quatro meses e 18 dias; e 49 anos, dois meses e sete dias.<\/p>\n<p>A investiga\u00e7\u00e3o que culminou nas condena\u00e7\u00f5es incluiu monitoramentos, relat\u00f3rios de intelig\u00eancia e apreens\u00f5es de drogas e muni\u00e7\u00f5es, evidenciando a gravidade das atividades il\u00edcitas do grupo na regi\u00e3o da Zona da Mata mineira.<\/p>\n","protected":false},"excerpt":{"rendered":"<p>Cinco pessoas foram condenadas a mais de 232 anos de pris\u00e3o por integrar fac\u00e7\u00e3o criminosa em Tocantins, MG, ligada ao tr\u00e1fico de drogas.<\/p>\n","protected":false},"author":5,"featured_media":3437,"comment_status":"closed","ping_status":"open","sticky":false,"template":"","format":"standard","meta":{"footnotes":""},"categories":[1361,4367,8086],"tags":[2601,1472,2188,1441,1266],"cidade_regiao":[],"guia_cidade":[],"class_list":["post-12292","post","type-post","status-publish","format-standard","has-post-thumbnail","hentry","category-policia","category-regionais","category-tocantins","tag-comando-vermelho","tag-ministerio-publico","tag-tocantins","tag-trafico-de-drogas","tag-zona-da-mata"],"_links":{"self":[{"href":"https:\/\/guiacataguases.com.br\/nova\/wp-json\/wp\/v2\/posts\/12292","targetHints":{"allow":["GET"]}}],"collection":[{"href":"https:\/\/guiacataguases.com.br\/nova\/wp-json\/wp\/v2\/posts"}],"about":[{"href":"https:\/\/guiacataguases.com.br\/nova\/wp-json\/wp\/v2\/types\/post"}],"author":[{"embeddable":true,"href":"https:\/\/guiacataguases.com.br\/nova\/wp-json\/wp\/v2\/users\/5"}],"replies":[{"embeddable":true,"href":"https:\/\/guiacataguases.com.br\/nova\/wp-json\/wp\/v2\/comments?post=12292"}],"version-history":[{"count":0,"href":"https:\/\/guiacataguases.com.br\/nova\/wp-json\/wp\/v2\/posts\/12292\/revisions"}],"wp:featuredmedia":[{"embeddable":true,"href":"https:\/\/guiacataguases.com.br\/nova\/wp-json\/wp\/v2\/media\/3437"}],"wp:attachment":[{"href":"https:\/\/guiacataguases.com.br\/nova\/wp-json\/wp\/v2\/media?parent=12292"}],"wp:term":[{"taxonomy":"category","embeddable":true,"href":"https:\/\/guiacataguases.com.br\/nova\/wp-json\/wp\/v2\/categories?post=12292"},{"taxonomy":"post_tag","embeddable":true,"href":"https:\/\/guiacataguases.com.br\/nova\/wp-json\/wp\/v2\/tags?post=12292"},{"taxonomy":"cidade_regiao","embeddable":true,"href":"https:\/\/guiacataguases.com.br\/nova\/wp-json\/wp\/v2\/cidade_regiao?post=12292"},{"taxonomy":"guia_cidade","embeddable":true,"href":"https:\/\/guiacataguases.com.br\/nova\/wp-json\/wp\/v2\/guia_cidade?post=12292"}],"curies":[{"name":"wp","href":"https:\/\/api.w.org\/{rel}","templated":true}]}}