{"id":2854,"date":"2026-03-07T00:15:03","date_gmt":"2026-03-07T03:15:03","guid":{"rendered":"https:\/\/guiacataguases.com.br\/nova\/cultura\/reflexoes-sobre-a-mudanca-e-a-realidade-social\/"},"modified":"2026-03-07T00:15:03","modified_gmt":"2026-03-07T03:15:03","slug":"reflexoes-sobre-a-mudanca-e-a-realidade-social","status":"publish","type":"post","link":"https:\/\/guiacataguases.com.br\/nova\/cultura\/reflexoes-sobre-a-mudanca-e-a-realidade-social\/","title":{"rendered":"Reflex\u00f5es sobre a Mudan\u00e7a e a Realidade Social"},"content":{"rendered":"<p><i>A necessidade de transforma\u00e7\u00e3o em tempos de desafios e desigualdades<\/i><\/p>\n<hr>\n<p>A mudan\u00e7a \u00e9 um tema recorrente e muitas vezes imposto por influenciadores e coaches, que nos incentivam a sair da zona de conforto e buscar novas experi\u00eancias. Contudo, essa busca por transforma\u00e7\u00e3o n\u00e3o \u00e9 t\u00e3o simples quanto parece. A vida, com suas responsabilidades e desafios, nos empurra para fora da inf\u00e2ncia, onde a inoc\u00eancia e a despreocupa\u00e7\u00e3o reinavam. Chega um momento em que a realidade se imp\u00f5e, e a necessidade de adapta\u00e7\u00e3o se torna urgente, mesmo que o novo cause medo e inseguran\u00e7a.<\/p>\n<p>A mudan\u00e7a \u00e9 muitas vezes uma imposi\u00e7\u00e3o. Para alguns, n\u00e3o h\u00e1 escolha; mudam-se as circunst\u00e2ncias devido a fatores sociais, raciais ou de g\u00eanero. Nesse contexto, \u00e9 crucial refletir sobre como as mudan\u00e7as que buscamos impactam n\u00e3o apenas a n\u00f3s mesmos, mas a sociedade como um todo. A verdadeira transforma\u00e7\u00e3o deve ocorrer nas rela\u00e7\u00f5es interpessoais e na maneira como encaramos o mundo, superando o ego\u00edsmo e promovendo igualdade. A mudan\u00e7a interior, portanto, \u00e9 a mais significativa, pois nos permite moldar nosso entendimento e nossas a\u00e7\u00f5es, mesmo em um mundo em constante transforma\u00e7\u00e3o.<\/p>\n","protected":false},"excerpt":{"rendered":"<p>A mudan\u00e7a \u00e9 um imperativo social que vai al\u00e9m do individual. Refletir sobre como transforma\u00e7\u00f5es pessoais podem impactar a sociedade \u00e9 essencial.<\/p>\n","protected":false},"author":5,"featured_media":2455,"comment_status":"closed","ping_status":"open","sticky":false,"template":"","format":"standard","meta":{"footnotes":""},"categories":[1364],"tags":[1637,1636,1620,1621,1622],"class_list":["post-2854","post","type-post","status-publish","format-standard","has-post-thumbnail","hentry","category-cultura","tag-crescimento-pessoal","tag-desigualdade","tag-mudanca","tag-reflexao","tag-sociedade"],"_links":{"self":[{"href":"https:\/\/guiacataguases.com.br\/nova\/wp-json\/wp\/v2\/posts\/2854","targetHints":{"allow":["GET"]}}],"collection":[{"href":"https:\/\/guiacataguases.com.br\/nova\/wp-json\/wp\/v2\/posts"}],"about":[{"href":"https:\/\/guiacataguases.com.br\/nova\/wp-json\/wp\/v2\/types\/post"}],"author":[{"embeddable":true,"href":"https:\/\/guiacataguases.com.br\/nova\/wp-json\/wp\/v2\/users\/5"}],"replies":[{"embeddable":true,"href":"https:\/\/guiacataguases.com.br\/nova\/wp-json\/wp\/v2\/comments?post=2854"}],"version-history":[{"count":0,"href":"https:\/\/guiacataguases.com.br\/nova\/wp-json\/wp\/v2\/posts\/2854\/revisions"}],"wp:featuredmedia":[{"embeddable":true,"href":"https:\/\/guiacataguases.com.br\/nova\/wp-json\/wp\/v2\/media\/2455"}],"wp:attachment":[{"href":"https:\/\/guiacataguases.com.br\/nova\/wp-json\/wp\/v2\/media?parent=2854"}],"wp:term":[{"taxonomy":"category","embeddable":true,"href":"https:\/\/guiacataguases.com.br\/nova\/wp-json\/wp\/v2\/categories?post=2854"},{"taxonomy":"post_tag","embeddable":true,"href":"https:\/\/guiacataguases.com.br\/nova\/wp-json\/wp\/v2\/tags?post=2854"}],"curies":[{"name":"wp","href":"https:\/\/api.w.org\/{rel}","templated":true}]}}