{"id":2856,"date":"2026-03-07T00:15:34","date_gmt":"2026-03-07T03:15:34","guid":{"rendered":"https:\/\/guiacataguases.com.br\/nova\/cultura\/casa-da-memoria-e-inaugurada-em-leopoldina-como-novo-espaco-cultural\/"},"modified":"2026-03-07T00:15:34","modified_gmt":"2026-03-07T03:15:34","slug":"casa-da-memoria-e-inaugurada-em-leopoldina-como-novo-espaco-cultural","status":"publish","type":"post","link":"https:\/\/guiacataguases.com.br\/nova\/cultura\/casa-da-memoria-e-inaugurada-em-leopoldina-como-novo-espaco-cultural\/","title":{"rendered":"Casa da Mem\u00f3ria \u00e9 inaugurada em Leopoldina como novo espa\u00e7o cultural"},"content":{"rendered":"<p><i>Iniciativa visa fortalecer a hist\u00f3ria regional e o turismo na Zona da Mata mineira<\/i><\/p>\n<hr>\n<p>A cidade de Leopoldina acaba de ganhar um novo ponto de refer\u00eancia cultural: a Casa da Mem\u00f3ria. Mantida pela Funda\u00e7\u00e3o Ormeo Junqueira Botelho e patrocinada pelo Grupo Energisa, o espa\u00e7o foi revitalizado com recursos da Lei Federal de Incentivo \u00e0 Cultura e tem como objetivo promover o acesso \u00e0 hist\u00f3ria regional e ao desenvolvimento da eletrifica\u00e7\u00e3o no Brasil. A Casa da Mem\u00f3ria ir\u00e1 integrar a &#8220;Rota Luz de Minas \u2013 Caminhos da Zona da Mata Mineira&#8221;, uma iniciativa que visa impulsionar o fomento econ\u00f4mico e tur\u00edstico da regi\u00e3o.<\/p>\n<p>O presidente da Funda\u00e7\u00e3o Ormeo Junqueira Botelho, Eduardo Mantovani, destacou a import\u00e2ncia do espa\u00e7o, que n\u00e3o \u00e9 apenas um equipamento cultural, mas uma estrutura permanente de mem\u00f3ria, educa\u00e7\u00e3o e lazer. Com uma proposta que combina tecnologia e patrim\u00f4nio hist\u00f3rico, a Casa da Mem\u00f3ria oferece exposi\u00e7\u00f5es imersivas e experi\u00eancias sensoriais, incluindo registros hist\u00f3ricos, como trechos do di\u00e1rio de Get\u00falio Vargas. O local tamb\u00e9m preserva a arquitetura original do casar\u00e3o da d\u00e9cada de 1950, que abriga a Casa, e conta com um projeto paisag\u00edstico que inclui o Jardim dos Sentidos. A inaugura\u00e7\u00e3o representa um investimento cultural inovador, ampliando o acesso \u00e0 cultura e fortalecendo o v\u00ednculo das comunidades com sua pr\u00f3pria hist\u00f3ria.<\/p>\n","protected":false},"excerpt":{"rendered":"<p>A Casa da Mem\u00f3ria \u00e9 o novo espa\u00e7o cultural de Leopoldina, promovendo a hist\u00f3ria regional e o turismo na Zona da Mata mineira.<\/p>\n","protected":false},"author":5,"featured_media":2455,"comment_status":"closed","ping_status":"open","sticky":false,"template":"","format":"standard","meta":{"footnotes":""},"categories":[1364],"tags":[1510,1614,1613,1410,1612],"class_list":["post-2856","post","type-post","status-publish","format-standard","has-post-thumbnail","hentry","category-cultura","tag-cultura","tag-energisa","tag-historia","tag-leopoldina","tag-turismo"],"_links":{"self":[{"href":"https:\/\/guiacataguases.com.br\/nova\/wp-json\/wp\/v2\/posts\/2856","targetHints":{"allow":["GET"]}}],"collection":[{"href":"https:\/\/guiacataguases.com.br\/nova\/wp-json\/wp\/v2\/posts"}],"about":[{"href":"https:\/\/guiacataguases.com.br\/nova\/wp-json\/wp\/v2\/types\/post"}],"author":[{"embeddable":true,"href":"https:\/\/guiacataguases.com.br\/nova\/wp-json\/wp\/v2\/users\/5"}],"replies":[{"embeddable":true,"href":"https:\/\/guiacataguases.com.br\/nova\/wp-json\/wp\/v2\/comments?post=2856"}],"version-history":[{"count":0,"href":"https:\/\/guiacataguases.com.br\/nova\/wp-json\/wp\/v2\/posts\/2856\/revisions"}],"wp:featuredmedia":[{"embeddable":true,"href":"https:\/\/guiacataguases.com.br\/nova\/wp-json\/wp\/v2\/media\/2455"}],"wp:attachment":[{"href":"https:\/\/guiacataguases.com.br\/nova\/wp-json\/wp\/v2\/media?parent=2856"}],"wp:term":[{"taxonomy":"category","embeddable":true,"href":"https:\/\/guiacataguases.com.br\/nova\/wp-json\/wp\/v2\/categories?post=2856"},{"taxonomy":"post_tag","embeddable":true,"href":"https:\/\/guiacataguases.com.br\/nova\/wp-json\/wp\/v2\/tags?post=2856"}],"curies":[{"name":"wp","href":"https:\/\/api.w.org\/{rel}","templated":true}]}}