{"id":2976,"date":"2026-03-08T20:59:42","date_gmt":"2026-03-08T23:59:42","guid":{"rendered":"https:\/\/guiacataguases.com.br\/nova\/saude\/lula-anuncia-auxilio-de-r-73-mil-para-vitimas-de-chuvas-em-mg\/"},"modified":"2026-03-08T20:59:42","modified_gmt":"2026-03-08T23:59:42","slug":"lula-anuncia-auxilio-de-r-73-mil-para-vitimas-de-chuvas-em-mg","status":"publish","type":"post","link":"https:\/\/guiacataguases.com.br\/nova\/saude\/lula-anuncia-auxilio-de-r-73-mil-para-vitimas-de-chuvas-em-mg\/","title":{"rendered":"Lula anuncia aux\u00edlio de R$ 7,3 mil para v\u00edtimas de chuvas em MG"},"content":{"rendered":"<p><i>Medidas Provis\u00f3rias visam apoiar fam\u00edlias e empresas afetadas na Zona da Mata.<\/i><\/p>\n<hr>\n<p>O presidente Luiz In\u00e1cio Lula da Silva anunciou, na \u00faltima sexta-feira, a assinatura de duas Medidas Provis\u00f3rias para apoiar fam\u00edlias e empresas atingidas por enchentes e deslizamentos na Zona da Mata Mineira. As iniciativas incluem uma transfer\u00eancia direta de R$ 7.300 para as fam\u00edlias afetadas e a cria\u00e7\u00e3o de uma linha de cr\u00e9dito de R$ 500 milh\u00f5es para estimular a recupera\u00e7\u00e3o econ\u00f4mica da regi\u00e3o.<\/p>\n<p>O aux\u00edlio de R$ 7.300 ser\u00e1 pago em parcela \u00fanica pela Caixa Econ\u00f4mica Federal, destinado a moradores de munic\u00edpios com situa\u00e7\u00e3o de calamidade reconhecida. Al\u00e9m disso, a linha de cr\u00e9dito permitir\u00e1 que empreendedores recuperem seus neg\u00f3cios, com os recursos podendo ser utilizados para reconstru\u00e7\u00e3o de im\u00f3veis e infraestrutura. O presidente destacou a mobiliza\u00e7\u00e3o do governo para atender as cidades afetadas, incluindo opera\u00e7\u00f5es da Defesa Civil e a distribui\u00e7\u00e3o de recursos e suprimentos essenciais. Outras medidas incluem o saque-calamidade do FGTS e a antecipa\u00e7\u00e3o de benef\u00edcios sociais para os atingidos.<\/p>\n","protected":false},"excerpt":{"rendered":"<p>Lula anuncia aux\u00edlio de R$ 7,3 mil para fam\u00edlias afetadas por chuvas em MG. Medidas visam a recupera\u00e7\u00e3o econ\u00f4mica e apoio \u00e0s v\u00edtimas na regi\u00e3o.<\/p>\n","protected":false},"author":5,"featured_media":2299,"comment_status":"closed","ping_status":"open","sticky":false,"template":"","format":"standard","meta":{"footnotes":""},"categories":[1362],"tags":[1663,1267,1662,1664,1266],"class_list":["post-2976","post","type-post","status-publish","format-standard","has-post-thumbnail","hentry","category-saude","tag-auxilio","tag-chuvas","tag-lula","tag-medidas-provisorias","tag-zona-da-mata"],"_links":{"self":[{"href":"https:\/\/guiacataguases.com.br\/nova\/wp-json\/wp\/v2\/posts\/2976","targetHints":{"allow":["GET"]}}],"collection":[{"href":"https:\/\/guiacataguases.com.br\/nova\/wp-json\/wp\/v2\/posts"}],"about":[{"href":"https:\/\/guiacataguases.com.br\/nova\/wp-json\/wp\/v2\/types\/post"}],"author":[{"embeddable":true,"href":"https:\/\/guiacataguases.com.br\/nova\/wp-json\/wp\/v2\/users\/5"}],"replies":[{"embeddable":true,"href":"https:\/\/guiacataguases.com.br\/nova\/wp-json\/wp\/v2\/comments?post=2976"}],"version-history":[{"count":0,"href":"https:\/\/guiacataguases.com.br\/nova\/wp-json\/wp\/v2\/posts\/2976\/revisions"}],"wp:featuredmedia":[{"embeddable":true,"href":"https:\/\/guiacataguases.com.br\/nova\/wp-json\/wp\/v2\/media\/2299"}],"wp:attachment":[{"href":"https:\/\/guiacataguases.com.br\/nova\/wp-json\/wp\/v2\/media?parent=2976"}],"wp:term":[{"taxonomy":"category","embeddable":true,"href":"https:\/\/guiacataguases.com.br\/nova\/wp-json\/wp\/v2\/categories?post=2976"},{"taxonomy":"post_tag","embeddable":true,"href":"https:\/\/guiacataguases.com.br\/nova\/wp-json\/wp\/v2\/tags?post=2976"}],"curies":[{"name":"wp","href":"https:\/\/api.w.org\/{rel}","templated":true}]}}