{"id":3146,"date":"2026-03-10T03:27:31","date_gmt":"2026-03-10T06:27:31","guid":{"rendered":"https:\/\/guiacataguases.com.br\/nova\/saude\/fundacao-cristiano-varella-realiza-dia-de-beleza-para-mulheres-com-cancer\/"},"modified":"2026-03-10T03:27:31","modified_gmt":"2026-03-10T06:27:31","slug":"fundacao-cristiano-varella-realiza-dia-de-beleza-para-mulheres-com-cancer","status":"publish","type":"post","link":"https:\/\/guiacataguases.com.br\/nova\/saude\/fundacao-cristiano-varella-realiza-dia-de-beleza-para-mulheres-com-cancer\/","title":{"rendered":"Funda\u00e7\u00e3o Cristiano Varella realiza dia de beleza para mulheres com c\u00e2ncer"},"content":{"rendered":"<p><i>Evento especial promove autocuidado e acolhimento em homenagem ao Dia da Mulher.<\/i><\/p>\n<hr>\n<p>A Funda\u00e7\u00e3o Cristiano Varella promoveu, nesta segunda-feira (09), uma edi\u00e7\u00e3o especial do Grupo La\u00e7o Rosa, dedicada a mulheres em tratamento de c\u00e2ncer de mama. O encontro, que ocorre mensalmente, foi realizado em comemora\u00e7\u00e3o ao Dia Internacional da Mulher, oferecendo oficinas de automaquiagem que ressaltaram a import\u00e2ncia do autocuidado durante esse per\u00edodo delicado.<\/p>\n<p>A maquiadora volunt\u00e1ria Tha\u00eds Souza destacou que o autocuidado \u00e9 essencial para que as pacientes se sintam melhor, elevando a autoestima por meio de gestos simples, como aplicar um batom. A paciente Roberta Rocha compartilhou sua experi\u00eancia, ressaltando como o diagn\u00f3stico impacta a identidade feminina, especialmente com a perda de cabelo e cirurgias de mastectomia. Para ela, manter uma rotina de cuidados \u00e9 fundamental para preservar a autoestima. Outra participante, Aparecida, descreveu a experi\u00eancia como gratificante, trazendo uma sensa\u00e7\u00e3o de &#8220;leveza na alma&#8221;. A psic\u00f3loga Gleicione Vit\u00f3ria explicou que o Grupo La\u00e7o Rosa visa criar um espa\u00e7o de acolhimento, onde as mulheres podem compartilhar suas emo\u00e7\u00f5es e se fortalecer coletivamente. O volunt\u00e1rio Paulo Filho elogiou a resili\u00eancia das participantes e reafirmou o compromisso da funda\u00e7\u00e3o em apoiar essas guerreiras.<\/p>\n","protected":false},"excerpt":{"rendered":"<p>Funda\u00e7\u00e3o Cristiano Varella promove dia de beleza para mulheres em tratamento oncol\u00f3gico, destacando a import\u00e2ncia do autocuidado e acolhimento.<\/p>\n","protected":false},"author":5,"featured_media":2296,"comment_status":"closed","ping_status":"open","sticky":false,"template":"","format":"standard","meta":{"footnotes":""},"categories":[1362],"tags":[1676,1675,1415,1574,1376],"class_list":["post-3146","post","type-post","status-publish","format-standard","has-post-thumbnail","hentry","category-saude","tag-acolhimento","tag-autocuidado","tag-cancer","tag-dia-da-mulher","tag-saude"],"_links":{"self":[{"href":"https:\/\/guiacataguases.com.br\/nova\/wp-json\/wp\/v2\/posts\/3146","targetHints":{"allow":["GET"]}}],"collection":[{"href":"https:\/\/guiacataguases.com.br\/nova\/wp-json\/wp\/v2\/posts"}],"about":[{"href":"https:\/\/guiacataguases.com.br\/nova\/wp-json\/wp\/v2\/types\/post"}],"author":[{"embeddable":true,"href":"https:\/\/guiacataguases.com.br\/nova\/wp-json\/wp\/v2\/users\/5"}],"replies":[{"embeddable":true,"href":"https:\/\/guiacataguases.com.br\/nova\/wp-json\/wp\/v2\/comments?post=3146"}],"version-history":[{"count":0,"href":"https:\/\/guiacataguases.com.br\/nova\/wp-json\/wp\/v2\/posts\/3146\/revisions"}],"wp:featuredmedia":[{"embeddable":true,"href":"https:\/\/guiacataguases.com.br\/nova\/wp-json\/wp\/v2\/media\/2296"}],"wp:attachment":[{"href":"https:\/\/guiacataguases.com.br\/nova\/wp-json\/wp\/v2\/media?parent=3146"}],"wp:term":[{"taxonomy":"category","embeddable":true,"href":"https:\/\/guiacataguases.com.br\/nova\/wp-json\/wp\/v2\/categories?post=3146"},{"taxonomy":"post_tag","embeddable":true,"href":"https:\/\/guiacataguases.com.br\/nova\/wp-json\/wp\/v2\/tags?post=3146"}],"curies":[{"name":"wp","href":"https:\/\/api.w.org\/{rel}","templated":true}]}}