{"id":3284,"date":"2026-03-12T01:31:42","date_gmt":"2026-03-12T04:31:42","guid":{"rendered":"https:\/\/guiacataguases.com.br\/nova\/saude\/muriae-e-faria-lemos-se-unem-em-consorcio-regional-de-saude\/"},"modified":"2026-03-12T01:31:42","modified_gmt":"2026-03-12T04:31:42","slug":"muriae-e-faria-lemos-se-unem-em-consorcio-regional-de-saude","status":"publish","type":"post","link":"https:\/\/guiacataguases.com.br\/nova\/saude\/muriae-e-faria-lemos-se-unem-em-consorcio-regional-de-saude\/","title":{"rendered":"Muria\u00e9 e Faria Lemos se unem em cons\u00f3rcio regional de sa\u00fade"},"content":{"rendered":"<p><i>Integra\u00e7\u00e3o busca fortalecer servi\u00e7os de sa\u00fade e gest\u00e3o p\u00fablica na regi\u00e3o<\/i><\/p>\n<hr>\n<p>O programa &#8220;AMERP em A\u00e7\u00e3o&#8221; desta semana destacou a uni\u00e3o entre Muria\u00e9 e Faria Lemos no cons\u00f3rcio intermunicipal, com foco no desenvolvimento regional e na sa\u00fade mental. O prefeito de Muria\u00e9 e presidente da associa\u00e7\u00e3o, Dr. Marcos Guarino (PSB), deu as boas-vindas ao munic\u00edpio de Faria Lemos, que agora integra o cons\u00f3rcio, visando ampliar servi\u00e7os como o Selo de Inspe\u00e7\u00e3o Municipal (SIM) e o Procon Regional.<\/p>\n<p>Durante o programa, o prefeito de Faria Lemos, Gil Damas (MDB), enfatizou a import\u00e2ncia da colabora\u00e7\u00e3o entre os 32 munic\u00edpios para a tomada de decis\u00f5es conjuntas e a troca de experi\u00eancias administrativas. Damas tamb\u00e9m destacou as metas de sua gest\u00e3o, que incluem a melhoria da sa\u00fade local e a recupera\u00e7\u00e3o de espa\u00e7os p\u00fablicos hist\u00f3ricos. Na segunda parte do programa, Muria\u00e9 reafirmou seu papel como polo regional de sa\u00fade psicossocial, com a rede CAPS oferecendo atendimento multiprofissional a pacientes com sofrimento ps\u00edquico grave e depend\u00eancia qu\u00edmica, realizando mais de 1.200 atendimentos mensais e estendendo suporte a 10 munic\u00edpios vizinhos.<\/p>\n","protected":false},"excerpt":{"rendered":"<p>Muria\u00e9 e Faria Lemos se unem em cons\u00f3rcio regional, visando fortalecer a sa\u00fade p\u00fablica e a gest\u00e3o administrativa na regi\u00e3o.<\/p>\n","protected":false},"author":5,"featured_media":2296,"comment_status":"closed","ping_status":"open","sticky":false,"template":"","format":"standard","meta":{"footnotes":""},"categories":[1362],"tags":[1707,1706,1249,1376,1640],"class_list":["post-3284","post","type-post","status-publish","format-standard","has-post-thumbnail","hentry","category-saude","tag-consorcio","tag-faria-lemos","tag-muriae","tag-saude","tag-saude-mental"],"_links":{"self":[{"href":"https:\/\/guiacataguases.com.br\/nova\/wp-json\/wp\/v2\/posts\/3284","targetHints":{"allow":["GET"]}}],"collection":[{"href":"https:\/\/guiacataguases.com.br\/nova\/wp-json\/wp\/v2\/posts"}],"about":[{"href":"https:\/\/guiacataguases.com.br\/nova\/wp-json\/wp\/v2\/types\/post"}],"author":[{"embeddable":true,"href":"https:\/\/guiacataguases.com.br\/nova\/wp-json\/wp\/v2\/users\/5"}],"replies":[{"embeddable":true,"href":"https:\/\/guiacataguases.com.br\/nova\/wp-json\/wp\/v2\/comments?post=3284"}],"version-history":[{"count":0,"href":"https:\/\/guiacataguases.com.br\/nova\/wp-json\/wp\/v2\/posts\/3284\/revisions"}],"wp:featuredmedia":[{"embeddable":true,"href":"https:\/\/guiacataguases.com.br\/nova\/wp-json\/wp\/v2\/media\/2296"}],"wp:attachment":[{"href":"https:\/\/guiacataguases.com.br\/nova\/wp-json\/wp\/v2\/media?parent=3284"}],"wp:term":[{"taxonomy":"category","embeddable":true,"href":"https:\/\/guiacataguases.com.br\/nova\/wp-json\/wp\/v2\/categories?post=3284"},{"taxonomy":"post_tag","embeddable":true,"href":"https:\/\/guiacataguases.com.br\/nova\/wp-json\/wp\/v2\/tags?post=3284"}],"curies":[{"name":"wp","href":"https:\/\/api.w.org\/{rel}","templated":true}]}}