{"id":3286,"date":"2026-03-12T01:54:25","date_gmt":"2026-03-12T04:54:25","guid":{"rendered":"https:\/\/guiacataguases.com.br\/nova\/policia\/homem-e-preso-por-tentativa-de-homicidio-em-belisario\/"},"modified":"2026-03-12T01:54:25","modified_gmt":"2026-03-12T04:54:25","slug":"homem-e-preso-por-tentativa-de-homicidio-em-belisario","status":"publish","type":"post","link":"https:\/\/guiacataguases.com.br\/nova\/policia\/homem-e-preso-por-tentativa-de-homicidio-em-belisario\/","title":{"rendered":"Homem \u00e9 preso por tentativa de homic\u00eddio em Belis\u00e1rio"},"content":{"rendered":"<p><i>Suspeito foi detido durante opera\u00e7\u00e3o da Pol\u00edcia Civil em Minas Gerais<\/i><\/p>\n<hr>\n<p>Um homem foi preso na manh\u00e3 desta ter\u00e7a-feira (10) pela Delegacia de Homic\u00eddios e Prote\u00e7\u00e3o \u00e0 Pessoa (DHPP) da Pol\u00edcia Civil de Minas Gerais, no distrito de Belis\u00e1rio. A a\u00e7\u00e3o visa aprofundar as investiga\u00e7\u00f5es de uma tentativa de homic\u00eddio ocorrida em janeiro deste ano, quando a v\u00edtima, de 35 anos, foi brutalmente agredida por dois suspeitos identificados como Ricardo Dias Vital, de 31 anos, e Wagner Santana Braga, de 40 anos.<\/p>\n<p>Os agressores atacaram a v\u00edtima com peda\u00e7os de madeira em plena via p\u00fablica, na presen\u00e7a de v\u00e1rias testemunhas, em um incidente que, segundo a pol\u00edcia, foi motivado por uma suposta d\u00edvida ligada ao tr\u00e1fico de drogas. Durante a opera\u00e7\u00e3o, foram cumpridos tr\u00eas mandados de busca e apreens\u00e3o. Enquanto Ricardo foi detido, Wagner permanece foragido, e as autoridades seguem em busca de seu paradeiro. O delegado Glaydson Ferreira destacou que ambos os suspeitos s\u00e3o conhecidos por suas liga\u00e7\u00f5es com atividades criminosas e s\u00e3o temidos na regi\u00e3o por suas a\u00e7\u00f5es violentas.<\/p>\n","protected":false},"excerpt":{"rendered":"<p>Pol\u00edcia Civil prende homem por tentativa de homic\u00eddio em Belis\u00e1rio. Suspeito \u00e9 conhecido por envolvimento com tr\u00e1fico de drogas e atos violentos.<\/p>\n","protected":false},"author":5,"featured_media":2297,"comment_status":"closed","ping_status":"open","sticky":false,"template":"","format":"standard","meta":{"footnotes":""},"categories":[1361],"tags":[1710,1660,1419,1608,1441],"class_list":["post-3286","post","type-post","status-publish","format-standard","has-post-thumbnail","hentry","category-policia","tag-belisario","tag-homicidio","tag-policia","tag-seguranca","tag-trafico-de-drogas"],"_links":{"self":[{"href":"https:\/\/guiacataguases.com.br\/nova\/wp-json\/wp\/v2\/posts\/3286","targetHints":{"allow":["GET"]}}],"collection":[{"href":"https:\/\/guiacataguases.com.br\/nova\/wp-json\/wp\/v2\/posts"}],"about":[{"href":"https:\/\/guiacataguases.com.br\/nova\/wp-json\/wp\/v2\/types\/post"}],"author":[{"embeddable":true,"href":"https:\/\/guiacataguases.com.br\/nova\/wp-json\/wp\/v2\/users\/5"}],"replies":[{"embeddable":true,"href":"https:\/\/guiacataguases.com.br\/nova\/wp-json\/wp\/v2\/comments?post=3286"}],"version-history":[{"count":0,"href":"https:\/\/guiacataguases.com.br\/nova\/wp-json\/wp\/v2\/posts\/3286\/revisions"}],"wp:featuredmedia":[{"embeddable":true,"href":"https:\/\/guiacataguases.com.br\/nova\/wp-json\/wp\/v2\/media\/2297"}],"wp:attachment":[{"href":"https:\/\/guiacataguases.com.br\/nova\/wp-json\/wp\/v2\/media?parent=3286"}],"wp:term":[{"taxonomy":"category","embeddable":true,"href":"https:\/\/guiacataguases.com.br\/nova\/wp-json\/wp\/v2\/categories?post=3286"},{"taxonomy":"post_tag","embeddable":true,"href":"https:\/\/guiacataguases.com.br\/nova\/wp-json\/wp\/v2\/tags?post=3286"}],"curies":[{"name":"wp","href":"https:\/\/api.w.org\/{rel}","templated":true}]}}