{"id":3299,"date":"2026-03-12T13:56:17","date_gmt":"2026-03-12T16:56:17","guid":{"rendered":"https:\/\/guiacataguases.com.br\/nova\/policia\/suspeito-de-25-furtos-e-preso-em-cataguases-pela-policia-civil\/"},"modified":"2026-03-12T13:56:17","modified_gmt":"2026-03-12T16:56:17","slug":"suspeito-de-25-furtos-e-preso-em-cataguases-pela-policia-civil","status":"publish","type":"post","link":"https:\/\/guiacataguases.com.br\/nova\/policia\/suspeito-de-25-furtos-e-preso-em-cataguases-pela-policia-civil\/","title":{"rendered":"Suspeito de 25 furtos \u00e9 preso em Cataguases pela Pol\u00edcia Civil"},"content":{"rendered":"<p><i>Homem foi detido ap\u00f3s tentativa de furto a resid\u00eancia em a\u00e7\u00e3o r\u00e1pida da pol\u00edcia.<\/i><\/p>\n<hr>\n<p>Na noite da \u00faltima quarta-feira (11), a Pol\u00edcia Civil de Minas Gerais (PCMG) prendeu um homem de 33 anos em Cataguases, cumprindo um mandado de pris\u00e3o preventiva. A pris\u00e3o ocorreu no contexto de uma investiga\u00e7\u00e3o sobre uma tentativa de furto a uma resid\u00eancia no munic\u00edpio, onde o suspeito foi flagrado tentando acessar o im\u00f3vel.<\/p>\n<p>De acordo com as investiga\u00e7\u00f5es da Delegacia de Pol\u00edcia de Cataguases, o homem escalou o port\u00e3o de uma casa vizinha com a inten\u00e7\u00e3o de alcan\u00e7ar a janela da resid\u00eancia alvo. A a\u00e7\u00e3o foi interrompida quando o cachorro da fam\u00edlia come\u00e7ou a latir, chamando a aten\u00e7\u00e3o dos moradores. Ao perceber que havia sido notado, o suspeito fugiu antes de conseguir entrar. A pol\u00edcia utilizou imagens de c\u00e2meras de seguran\u00e7a para identificar o homem, o que foi crucial para a solicita\u00e7\u00e3o da pris\u00e3o preventiva, que foi acatada pela Justi\u00e7a. O suspeito j\u00e1 possui um extenso hist\u00f3rico criminal com cerca de 25 registros por furtos, principalmente contra resid\u00eancias e com\u00e9rcios, geralmente ocorrendo \u00e0 noite ou de madrugada. O delegado Marcelo Manna ressaltou a import\u00e2ncia da a\u00e7\u00e3o policial para garantir a seguran\u00e7a da popula\u00e7\u00e3o, afirmando que a pris\u00e3o foi uma medida necess\u00e1ria para interromper a sequ\u00eancia de crimes na regi\u00e3o. Ap\u00f3s os procedimentos legais, o homem foi encaminhado ao sistema prisional, onde permanece \u00e0 disposi\u00e7\u00e3o da Justi\u00e7a.<\/p>\n","protected":false},"excerpt":{"rendered":"<p>Um homem de 33 anos foi preso em Cataguases, suspeito de 25 furtos. A pris\u00e3o ocorreu ap\u00f3s uma tentativa de furto a uma resid\u00eancia na cidade.<\/p>\n","protected":false},"author":5,"featured_media":2297,"comment_status":"closed","ping_status":"open","sticky":false,"template":"","format":"standard","meta":{"footnotes":""},"categories":[1361],"tags":[1201,1735,1736,1419,1608],"class_list":["post-3299","post","type-post","status-publish","format-standard","has-post-thumbnail","hentry","category-policia","tag-cataguases","tag-furtos","tag-justica","tag-policia","tag-seguranca"],"_links":{"self":[{"href":"https:\/\/guiacataguases.com.br\/nova\/wp-json\/wp\/v2\/posts\/3299","targetHints":{"allow":["GET"]}}],"collection":[{"href":"https:\/\/guiacataguases.com.br\/nova\/wp-json\/wp\/v2\/posts"}],"about":[{"href":"https:\/\/guiacataguases.com.br\/nova\/wp-json\/wp\/v2\/types\/post"}],"author":[{"embeddable":true,"href":"https:\/\/guiacataguases.com.br\/nova\/wp-json\/wp\/v2\/users\/5"}],"replies":[{"embeddable":true,"href":"https:\/\/guiacataguases.com.br\/nova\/wp-json\/wp\/v2\/comments?post=3299"}],"version-history":[{"count":0,"href":"https:\/\/guiacataguases.com.br\/nova\/wp-json\/wp\/v2\/posts\/3299\/revisions"}],"wp:featuredmedia":[{"embeddable":true,"href":"https:\/\/guiacataguases.com.br\/nova\/wp-json\/wp\/v2\/media\/2297"}],"wp:attachment":[{"href":"https:\/\/guiacataguases.com.br\/nova\/wp-json\/wp\/v2\/media?parent=3299"}],"wp:term":[{"taxonomy":"category","embeddable":true,"href":"https:\/\/guiacataguases.com.br\/nova\/wp-json\/wp\/v2\/categories?post=3299"},{"taxonomy":"post_tag","embeddable":true,"href":"https:\/\/guiacataguases.com.br\/nova\/wp-json\/wp\/v2\/tags?post=3299"}],"curies":[{"name":"wp","href":"https:\/\/api.w.org\/{rel}","templated":true}]}}