{"id":3385,"date":"2026-03-13T17:26:29","date_gmt":"2026-03-13T20:26:29","guid":{"rendered":"https:\/\/guiacataguases.com.br\/nova\/politica\/parlamento-jovem-de-muriae-debate-inclusao-de-pessoas-com-deficiencia\/"},"modified":"2026-03-13T17:26:29","modified_gmt":"2026-03-13T20:26:29","slug":"parlamento-jovem-de-muriae-debate-inclusao-de-pessoas-com-deficiencia","status":"publish","type":"post","link":"https:\/\/guiacataguases.com.br\/nova\/politica\/parlamento-jovem-de-muriae-debate-inclusao-de-pessoas-com-deficiencia\/","title":{"rendered":"Parlamento Jovem de Muria\u00e9 debate inclus\u00e3o de pessoas com defici\u00eancia"},"content":{"rendered":"<p><i>Encontro inaugural promove di\u00e1logo sobre direitos e inclus\u00e3o social<\/i><\/p>\n<hr>\n<p>O Parlamento Jovem da C\u00e2mara de Muria\u00e9 realizou sua primeira reuni\u00e3o esta semana, focando na inclus\u00e3o de pessoas com defici\u00eancia na sociedade. O evento contou com a participa\u00e7\u00e3o de Cinthia de Oliveira Novais, advogada e ativista reconhecida na defesa dos direitos das pessoas com defici\u00eancia, autismo e TDAH.<\/p>\n<p>Durante o encontro, Cinthia compartilhou sua vasta experi\u00eancia, sendo presidente da Comiss\u00e3o dos Direitos dos Autistas da ABA na regi\u00e3o Sudeste e membro de comiss\u00f5es nacionais. Ela tamb\u00e9m \u00e9 conselheira do Conselho Municipal dos Direitos da Pessoa com Defici\u00eancia de Muria\u00e9 e diretora jur\u00eddica da AMA Muria\u00e9. Al\u00e9m disso, Cinthia \u00e9 coautora de obras relevantes na \u00e1rea, como &#8220;Defici\u00eancia e Inclus\u00e3o&#8221; e &#8220;Autismo \u2013 Da teoria \u00e0 pr\u00e1tica, uma quest\u00e3o de direitos&#8221;, contribuindo assim para o fortalecimento da luta por direitos e inclus\u00e3o social.<\/p>\n","protected":false},"excerpt":{"rendered":"<p>O Parlamento Jovem de Muria\u00e9 promoveu um di\u00e1logo crucial sobre a inclus\u00e3o de pessoas com defici\u00eancia, com a participa\u00e7\u00e3o da advogada Cinthia de Oliveira Novais.<\/p>\n","protected":false},"author":5,"featured_media":3323,"comment_status":"closed","ping_status":"open","sticky":false,"template":"","format":"standard","meta":{"footnotes":""},"categories":[1360],"tags":[1771,1422,1249,1616,1770],"class_list":["post-3385","post","type-post","status-publish","format-standard","has-post-thumbnail","hentry","category-politica","tag-direitos","tag-inclusao","tag-muriae","tag-parlamento-jovem","tag-pessoas-com-deficiencia"],"_links":{"self":[{"href":"https:\/\/guiacataguases.com.br\/nova\/wp-json\/wp\/v2\/posts\/3385","targetHints":{"allow":["GET"]}}],"collection":[{"href":"https:\/\/guiacataguases.com.br\/nova\/wp-json\/wp\/v2\/posts"}],"about":[{"href":"https:\/\/guiacataguases.com.br\/nova\/wp-json\/wp\/v2\/types\/post"}],"author":[{"embeddable":true,"href":"https:\/\/guiacataguases.com.br\/nova\/wp-json\/wp\/v2\/users\/5"}],"replies":[{"embeddable":true,"href":"https:\/\/guiacataguases.com.br\/nova\/wp-json\/wp\/v2\/comments?post=3385"}],"version-history":[{"count":0,"href":"https:\/\/guiacataguases.com.br\/nova\/wp-json\/wp\/v2\/posts\/3385\/revisions"}],"wp:featuredmedia":[{"embeddable":true,"href":"https:\/\/guiacataguases.com.br\/nova\/wp-json\/wp\/v2\/media\/3323"}],"wp:attachment":[{"href":"https:\/\/guiacataguases.com.br\/nova\/wp-json\/wp\/v2\/media?parent=3385"}],"wp:term":[{"taxonomy":"category","embeddable":true,"href":"https:\/\/guiacataguases.com.br\/nova\/wp-json\/wp\/v2\/categories?post=3385"},{"taxonomy":"post_tag","embeddable":true,"href":"https:\/\/guiacataguases.com.br\/nova\/wp-json\/wp\/v2\/tags?post=3385"}],"curies":[{"name":"wp","href":"https:\/\/api.w.org\/{rel}","templated":true}]}}