{"id":3406,"date":"2026-03-14T10:48:50","date_gmt":"2026-03-14T13:48:50","guid":{"rendered":"https:\/\/guiacataguases.com.br\/nova\/policia\/policial-civil-de-uba-e-condenado-por-liderar-milicia-armada\/"},"modified":"2026-03-14T10:48:50","modified_gmt":"2026-03-14T13:48:50","slug":"policial-civil-de-uba-e-condenado-por-liderar-milicia-armada","status":"publish","type":"post","link":"https:\/\/guiacataguases.com.br\/nova\/policia\/policial-civil-de-uba-e-condenado-por-liderar-milicia-armada\/","title":{"rendered":"Policial Civil de Ub\u00e1 \u00e9 condenado por liderar mil\u00edcia armada"},"content":{"rendered":"<p><i>Senten\u00e7a determina 11 anos e tr\u00eas meses de pris\u00e3o e perda do cargo.<\/i><\/p>\n<hr>\n<p>Um policial civil lotado em Ub\u00e1 foi condenado a 11 anos e tr\u00eas meses de pris\u00e3o por liderar uma mil\u00edcia armada na Zona da Mata. A decis\u00e3o do Poder Judici\u00e1rio tamb\u00e9m resultou na perda do cargo p\u00fablico do r\u00e9u, que est\u00e1 preso desde 28 de novembro de 2024.<\/p>\n<p>O investigador, que j\u00e1 responde a outras duas a\u00e7\u00f5es penais, foi acusado de estruturar um grupo armado que operava fora da legalidade, utilizando t\u00e1ticas e recursos estatais para oferecer servi\u00e7os de seguran\u00e7a privada. Os servi\u00e7os inclu\u00edam escoltas armadas e interven\u00e7\u00f5es em ocorr\u00eancias policiais, utilizando viaturas e armamento da Pol\u00edcia Civil. A senten\u00e7a tamb\u00e9m reconheceu que o r\u00e9u possu\u00eda ve\u00edculos de luxo e uma aeronave apreendidos durante a opera\u00e7\u00e3o, sendo determinada a perda desses bens. O Minist\u00e9rio P\u00fablico de Minas Gerais destacou a import\u00e2ncia da colabora\u00e7\u00e3o com a Corregedoria da Pol\u00edcia Civil para a efic\u00e1cia das investiga\u00e7\u00f5es e a seguran\u00e7a p\u00fablica.<\/p>\n","protected":false},"excerpt":{"rendered":"<p>Um policial civil de Ub\u00e1 foi condenado a mais de 11 anos de pris\u00e3o por liderar uma mil\u00edcia armada. A senten\u00e7a inclui a perda do cargo e de bens de luxo.<\/p>\n","protected":false},"author":5,"featured_media":3400,"comment_status":"closed","ping_status":"open","sticky":false,"template":"","format":"standard","meta":{"footnotes":""},"categories":[1361],"tags":[1736,1792,1419,1608,1265],"class_list":["post-3406","post","type-post","status-publish","format-standard","has-post-thumbnail","hentry","category-policia","tag-justica","tag-milicias","tag-policia","tag-seguranca","tag-uba"],"_links":{"self":[{"href":"https:\/\/guiacataguases.com.br\/nova\/wp-json\/wp\/v2\/posts\/3406","targetHints":{"allow":["GET"]}}],"collection":[{"href":"https:\/\/guiacataguases.com.br\/nova\/wp-json\/wp\/v2\/posts"}],"about":[{"href":"https:\/\/guiacataguases.com.br\/nova\/wp-json\/wp\/v2\/types\/post"}],"author":[{"embeddable":true,"href":"https:\/\/guiacataguases.com.br\/nova\/wp-json\/wp\/v2\/users\/5"}],"replies":[{"embeddable":true,"href":"https:\/\/guiacataguases.com.br\/nova\/wp-json\/wp\/v2\/comments?post=3406"}],"version-history":[{"count":0,"href":"https:\/\/guiacataguases.com.br\/nova\/wp-json\/wp\/v2\/posts\/3406\/revisions"}],"wp:featuredmedia":[{"embeddable":true,"href":"https:\/\/guiacataguases.com.br\/nova\/wp-json\/wp\/v2\/media\/3400"}],"wp:attachment":[{"href":"https:\/\/guiacataguases.com.br\/nova\/wp-json\/wp\/v2\/media?parent=3406"}],"wp:term":[{"taxonomy":"category","embeddable":true,"href":"https:\/\/guiacataguases.com.br\/nova\/wp-json\/wp\/v2\/categories?post=3406"},{"taxonomy":"post_tag","embeddable":true,"href":"https:\/\/guiacataguases.com.br\/nova\/wp-json\/wp\/v2\/tags?post=3406"}],"curies":[{"name":"wp","href":"https:\/\/api.w.org\/{rel}","templated":true}]}}