{"id":3419,"date":"2026-03-14T17:34:04","date_gmt":"2026-03-14T20:34:04","guid":{"rendered":"https:\/\/guiacataguases.com.br\/nova\/cultura\/leopoldina-recebe-xxvii-exposicao-do-cavalo-mangalarga-marchador\/"},"modified":"2026-03-14T17:34:04","modified_gmt":"2026-03-14T20:34:04","slug":"leopoldina-recebe-xxvii-exposicao-do-cavalo-mangalarga-marchador","status":"publish","type":"post","link":"https:\/\/guiacataguases.com.br\/nova\/cultura\/leopoldina-recebe-xxvii-exposicao-do-cavalo-mangalarga-marchador\/","title":{"rendered":"Leopoldina recebe XXVII Exposi\u00e7\u00e3o do Cavalo Mangalarga Marchador"},"content":{"rendered":"<p><i>Evento gratuito celebra a tradi\u00e7\u00e3o e a cultura equestre da Zona da Mata Mineira.<\/i><\/p>\n<hr>\n<p>A XXVII Exposi\u00e7\u00e3o Especializada do Cavalo Mangalarga Marchador da Zona da Mata Mineira foi inaugurada nesta quinta-feira (12) em Leopoldina, no Parque de Exposi\u00e7\u00f5es Jos\u00e9 Ribeiro dos Reis. O evento, que acontece de 11 a 14 de mar\u00e7o, \u00e9 promovido pela Associa\u00e7\u00e3o dos Criadores do Cavalo Mangalarga Marchador da Zona da Mata Mineira e tem entrada gratuita, reunindo criadores, profissionais do setor e autoridades locais.<\/p>\n<p>Durante a cerim\u00f4nia de abertura, diversas personalidades do setor equestre foram homenageadas. O presidente da Coopleste, Marcos Almeida Junqueira Reis, e o jurado Lucas Fernando Augusto, representando o corpo t\u00e9cnico, discursaram ao lado de autoridades como o presidente da C\u00e2mara Municipal, Bernardo Guedes, e o prefeito de Leopoldina, Pedro Augusto Junqueira Ferraz. Homenagens p\u00f3stumas foram feitas ao m\u00e9dico-veterin\u00e1rio Edgar Vieira de Souza e a outros nomes relevantes da equinocultura, com a entrega de placas comemorativas.<\/p>\n<p>A programa\u00e7\u00e3o do evento inclui julgamentos a partir das 8h desta sexta-feira (13) e uma atividade de Ranch Sorting \u00e0s 19h. No s\u00e1bado (14), os julgamentos dos Grandes Campe\u00f5es da Ra\u00e7a come\u00e7am \u00e0s 8h, seguidos pelas premia\u00e7\u00f5es e o encerramento do evento \u00e0s 17h. A abertura tamb\u00e9m contou com uma palestra do escritor Ricardo Casiuch sobre as origens da ra\u00e7a Mangalarga Marchador, al\u00e9m de uma apresenta\u00e7\u00e3o musical da cantora Danny Guimar\u00e3es.<\/p>\n","protected":false},"excerpt":{"rendered":"<p>Leopoldina inicia a XXVII Exposi\u00e7\u00e3o do Cavalo Mangalarga Marchador, celebrando a cultura equestre da regi\u00e3o. O evento acontece at\u00e9 14 de mar\u00e7o com entrada gratuita.<\/p>\n","protected":false},"author":5,"featured_media":3303,"comment_status":"closed","ping_status":"open","sticky":false,"template":"","format":"standard","meta":{"footnotes":""},"categories":[1364],"tags":[1807,1510,1511,1410,1718],"class_list":["post-3419","post","type-post","status-publish","format-standard","has-post-thumbnail","hentry","category-cultura","tag-cavalo","tag-cultura","tag-eventos","tag-leopoldina","tag-mangalarga-marchador"],"_links":{"self":[{"href":"https:\/\/guiacataguases.com.br\/nova\/wp-json\/wp\/v2\/posts\/3419","targetHints":{"allow":["GET"]}}],"collection":[{"href":"https:\/\/guiacataguases.com.br\/nova\/wp-json\/wp\/v2\/posts"}],"about":[{"href":"https:\/\/guiacataguases.com.br\/nova\/wp-json\/wp\/v2\/types\/post"}],"author":[{"embeddable":true,"href":"https:\/\/guiacataguases.com.br\/nova\/wp-json\/wp\/v2\/users\/5"}],"replies":[{"embeddable":true,"href":"https:\/\/guiacataguases.com.br\/nova\/wp-json\/wp\/v2\/comments?post=3419"}],"version-history":[{"count":0,"href":"https:\/\/guiacataguases.com.br\/nova\/wp-json\/wp\/v2\/posts\/3419\/revisions"}],"wp:featuredmedia":[{"embeddable":true,"href":"https:\/\/guiacataguases.com.br\/nova\/wp-json\/wp\/v2\/media\/3303"}],"wp:attachment":[{"href":"https:\/\/guiacataguases.com.br\/nova\/wp-json\/wp\/v2\/media?parent=3419"}],"wp:term":[{"taxonomy":"category","embeddable":true,"href":"https:\/\/guiacataguases.com.br\/nova\/wp-json\/wp\/v2\/categories?post=3419"},{"taxonomy":"post_tag","embeddable":true,"href":"https:\/\/guiacataguases.com.br\/nova\/wp-json\/wp\/v2\/tags?post=3419"}],"curies":[{"name":"wp","href":"https:\/\/api.w.org\/{rel}","templated":true}]}}