{"id":3422,"date":"2026-03-14T18:18:24","date_gmt":"2026-03-14T21:18:24","guid":{"rendered":"https:\/\/guiacataguases.com.br\/nova\/policia\/morre-lorena-batista-filha-do-cantor-amado-batista-aos-46-anos\/"},"modified":"2026-03-14T18:18:24","modified_gmt":"2026-03-14T21:18:24","slug":"morre-lorena-batista-filha-do-cantor-amado-batista-aos-46-anos","status":"publish","type":"post","link":"https:\/\/guiacataguases.com.br\/nova\/policia\/morre-lorena-batista-filha-do-cantor-amado-batista-aos-46-anos\/","title":{"rendered":"Morre Lorena Batista, filha do cantor Amado Batista, aos 46 anos"},"content":{"rendered":"<p><i>Cantor expressa profunda dor pela perda da filha, que lutava contra c\u00e2ncer.<\/i><\/p>\n<hr>\n<p>Lorena Batista, filha do renomado cantor Amado Batista, faleceu aos 46 anos em Goi\u00e2nia (GO). A informa\u00e7\u00e3o foi confirmada por familiares e pelo pr\u00f3prio artista em suas redes sociais. Lorena estava internada e enfrentava um c\u00e2ncer no f\u00edgado, diagnosticado publicamente no ano passado. Apesar de ter se submetido a tratamento, seu estado de sa\u00fade se agravou nos \u00faltimos dias, culminando em sua morte.<\/p>\n<p>A \u00fanica filha mulher de Amado Batista, Lorena deixa um filho de apenas 3 anos. Sua partida gerou grande como\u00e7\u00e3o entre os f\u00e3s do cantor e seguidores nas redes sociais. Em uma mensagem emocionante, Amado Batista lamentou a perda, descrevendo a dor como \u201ca mais profunda que j\u00e1 senti, uma m\u00fasica que se interrompe antes do refr\u00e3o, um vazio que nem o maior dos sucessos pode preencher\u201d. O cantor tamb\u00e9m destacou a coragem de Lorena durante sua batalha contra a doen\u00e7a e agradeceu o apoio e as ora\u00e7\u00f5es do p\u00fablico. \u201cEla lutou com uma bravura que me orgulhou todos os dias\u201d, afirmou. Amado prometeu seguir cantando em homenagem \u00e0 filha e expressou gratid\u00e3o pelas mensagens de apoio recebidas neste dif\u00edcil momento.<\/p>\n<p>A morte de Lorena provocou uma onda de solidariedade nas redes sociais, com f\u00e3s e amigos da fam\u00edlia prestando homenagens e mensagens de conforto.<\/p>\n","protected":false},"excerpt":{"rendered":"<p>Lorena Batista, filha do cantor Amado Batista, faleceu aos 46 anos ap\u00f3s luta contra c\u00e2ncer. O cantor expressa sua dor e homenageia a filha nas redes sociais.<\/p>\n","protected":false},"author":5,"featured_media":3315,"comment_status":"closed","ping_status":"open","sticky":false,"template":"","format":"standard","meta":{"footnotes":""},"categories":[1361],"tags":[1811,1415,1813,1812,1281],"class_list":["post-3422","post","type-post","status-publish","format-standard","has-post-thumbnail","hentry","category-policia","tag-amado-batista","tag-cancer","tag-homenagem","tag-morte","tag-solidariedade"],"_links":{"self":[{"href":"https:\/\/guiacataguases.com.br\/nova\/wp-json\/wp\/v2\/posts\/3422","targetHints":{"allow":["GET"]}}],"collection":[{"href":"https:\/\/guiacataguases.com.br\/nova\/wp-json\/wp\/v2\/posts"}],"about":[{"href":"https:\/\/guiacataguases.com.br\/nova\/wp-json\/wp\/v2\/types\/post"}],"author":[{"embeddable":true,"href":"https:\/\/guiacataguases.com.br\/nova\/wp-json\/wp\/v2\/users\/5"}],"replies":[{"embeddable":true,"href":"https:\/\/guiacataguases.com.br\/nova\/wp-json\/wp\/v2\/comments?post=3422"}],"version-history":[{"count":0,"href":"https:\/\/guiacataguases.com.br\/nova\/wp-json\/wp\/v2\/posts\/3422\/revisions"}],"wp:featuredmedia":[{"embeddable":true,"href":"https:\/\/guiacataguases.com.br\/nova\/wp-json\/wp\/v2\/media\/3315"}],"wp:attachment":[{"href":"https:\/\/guiacataguases.com.br\/nova\/wp-json\/wp\/v2\/media?parent=3422"}],"wp:term":[{"taxonomy":"category","embeddable":true,"href":"https:\/\/guiacataguases.com.br\/nova\/wp-json\/wp\/v2\/categories?post=3422"},{"taxonomy":"post_tag","embeddable":true,"href":"https:\/\/guiacataguases.com.br\/nova\/wp-json\/wp\/v2\/tags?post=3422"}],"curies":[{"name":"wp","href":"https:\/\/api.w.org\/{rel}","templated":true}]}}