{"id":3424,"date":"2026-03-14T18:18:48","date_gmt":"2026-03-14T21:18:48","guid":{"rendered":"https:\/\/guiacataguases.com.br\/nova\/politica\/prefeito-exonera-vice-prefeito-e-secretario-em-uba\/"},"modified":"2026-03-14T18:18:48","modified_gmt":"2026-03-14T21:18:48","slug":"prefeito-exonera-vice-prefeito-e-secretario-em-uba","status":"publish","type":"post","link":"https:\/\/guiacataguases.com.br\/nova\/politica\/prefeito-exonera-vice-prefeito-e-secretario-em-uba\/","title":{"rendered":"Prefeito exonera vice-prefeito e secret\u00e1rio em Ub\u00e1"},"content":{"rendered":"<p><i>Mudan\u00e7as no primeiro escal\u00e3o da administra\u00e7\u00e3o municipal s\u00e3o formalizadas em portarias.<\/i><\/p>\n<hr>\n<p>O Di\u00e1rio Oficial Eletr\u00f4nico do Munic\u00edpio de Ub\u00e1 publicou, nesta sexta-feira (13), duas portarias que oficializam mudan\u00e7as significativas no primeiro escal\u00e3o da administra\u00e7\u00e3o municipal. As decis\u00f5es tratam da sa\u00edda do vice-prefeito R\u00f4mulo Silva Rodrigues da Secretaria Municipal de Seguran\u00e7a P\u00fablica e Mobilidade Urbana, al\u00e9m da exonera\u00e7\u00e3o de Antonio Geraldo Alves do cargo de secret\u00e1rio municipal de Planejamento e Desenvolvimento Sustent\u00e1vel.<\/p>\n<p>De acordo com a Portaria n\u00ba 20.379, assinada pelo prefeito Jos\u00e9 Damato Neto, R\u00f4mulo Silva Rodrigues foi dispensado, a pedido, da fun\u00e7\u00e3o de secret\u00e1rio municipal de Seguran\u00e7a P\u00fablica e Mobilidade Urbana, com efeitos a partir do dia 13 de mar\u00e7o de 2026. O vice-prefeito ocupava o cargo desde julho de 2025, quando foi designado por meio da Portaria n\u00ba 19.773.<\/p>\n<p>A Portaria n\u00ba 20.380 determina a exonera\u00e7\u00e3o, tamb\u00e9m a pedido e com efeitos a partir desta sexta-feira, de Antonio Geraldo Alves, que exercia o cargo de secret\u00e1rio municipal de Planejamento e Desenvolvimento Sustent\u00e1vel desde janeiro de 2025. At\u00e9 o momento, a Prefeitura de Ub\u00e1 n\u00e3o se pronunciou oficialmente sobre os motivos das exonera\u00e7\u00f5es, nem sobre poss\u00edveis substitui\u00e7\u00f5es para os cargos.<\/p>\n","protected":false},"excerpt":{"rendered":"<p>Mudan\u00e7as na administra\u00e7\u00e3o de Ub\u00e1: prefeito exonera vice-prefeito e secret\u00e1rio. A Prefeitura ainda n\u00e3o se manifestou sobre os motivos das sa\u00eddas.<\/p>\n","protected":false},"author":5,"featured_media":3322,"comment_status":"closed","ping_status":"open","sticky":false,"template":"","format":"standard","meta":{"footnotes":""},"categories":[1360],"tags":[1815,1816,1817,1584,1265],"class_list":["post-3424","post","type-post","status-publish","format-standard","has-post-thumbnail","hentry","category-politica","tag-administracao","tag-exoneracao","tag-mudancas","tag-politica","tag-uba"],"_links":{"self":[{"href":"https:\/\/guiacataguases.com.br\/nova\/wp-json\/wp\/v2\/posts\/3424","targetHints":{"allow":["GET"]}}],"collection":[{"href":"https:\/\/guiacataguases.com.br\/nova\/wp-json\/wp\/v2\/posts"}],"about":[{"href":"https:\/\/guiacataguases.com.br\/nova\/wp-json\/wp\/v2\/types\/post"}],"author":[{"embeddable":true,"href":"https:\/\/guiacataguases.com.br\/nova\/wp-json\/wp\/v2\/users\/5"}],"replies":[{"embeddable":true,"href":"https:\/\/guiacataguases.com.br\/nova\/wp-json\/wp\/v2\/comments?post=3424"}],"version-history":[{"count":0,"href":"https:\/\/guiacataguases.com.br\/nova\/wp-json\/wp\/v2\/posts\/3424\/revisions"}],"wp:featuredmedia":[{"embeddable":true,"href":"https:\/\/guiacataguases.com.br\/nova\/wp-json\/wp\/v2\/media\/3322"}],"wp:attachment":[{"href":"https:\/\/guiacataguases.com.br\/nova\/wp-json\/wp\/v2\/media?parent=3424"}],"wp:term":[{"taxonomy":"category","embeddable":true,"href":"https:\/\/guiacataguases.com.br\/nova\/wp-json\/wp\/v2\/categories?post=3424"},{"taxonomy":"post_tag","embeddable":true,"href":"https:\/\/guiacataguases.com.br\/nova\/wp-json\/wp\/v2\/tags?post=3424"}],"curies":[{"name":"wp","href":"https:\/\/api.w.org\/{rel}","templated":true}]}}