{"id":3432,"date":"2026-03-14T18:25:19","date_gmt":"2026-03-14T21:25:19","guid":{"rendered":"https:\/\/guiacataguases.com.br\/nova\/cultura\/passarela-do-samba-em-juiz-de-fora-homenageia-zeze-garcia\/"},"modified":"2026-03-14T18:25:19","modified_gmt":"2026-03-14T21:25:19","slug":"passarela-do-samba-em-juiz-de-fora-homenageia-zeze-garcia","status":"publish","type":"post","link":"https:\/\/guiacataguases.com.br\/nova\/cultura\/passarela-do-samba-em-juiz-de-fora-homenageia-zeze-garcia\/","title":{"rendered":"Passarela do Samba em Juiz de Fora homenageia Zez\u00e9 Garcia"},"content":{"rendered":"<p><i>Lei sancionada pela prefeita Margarida Salom\u00e3o oficializa a homenagem ao ic\u00f4nico carnavalesco.<\/i><\/p>\n<hr>\n<p>A Passarela do Samba em Juiz de Fora agora leva o nome de Jos\u00e9 Francisco Garcia, popularmente conhecido como Zez\u00e9 Garcia. A Lei n\u00ba 15.348, sancionada pela prefeita Margarida Salom\u00e3o (PT), homenageia o renomado carnavalesco, considerado o embaixador do samba na cidade. A nova denomina\u00e7\u00e3o se aplica a qualquer espa\u00e7o p\u00fablico designado pelo Poder Executivo para desfiles, seja em car\u00e1ter permanente ou tempor\u00e1rio.<\/p>\n<p>A lei, que \u00e9 fruto de um projeto da vereadora K\u00e1tia Franco (PSB), foi aprovada pela C\u00e2mara Municipal. Al\u00e9m de designar a passarela com o nome de Zez\u00e9 Garcia, a norma estabelece que o nome do carnavalesco constar\u00e1 em todos os documentos oficiais, programa\u00e7\u00f5es e divulga\u00e7\u00f5es relacionadas ao carnaval de Juiz de Fora. Isso inclui quaisquer locais que venham a ser escolhidos futuramente para sediar as festividades carnavalescas da cidade.<\/p>\n<p><strong>Quem foi Zez\u00e9 Garcia?<\/strong> Nascido em 19 de mar\u00e7o de 1935, Zez\u00e9 Garcia se destacou como uma das figuras mais emblem\u00e1ticas do carnaval mineiro. Em 1966, ele fez hist\u00f3ria ao desfilar como baiana pela Turunas do Riachuelo, no primeiro concurso oficial de escolas de samba da cidade. Ap\u00f3s se mudar para o Rio de Janeiro, tornou-se um apaixonado pela Mangueira, desfilando na Ala Moana desde 1985. Zez\u00e9 Garcia faleceu em 2024, aos 86 anos, deixando um legado inestim\u00e1vel na mem\u00f3ria do samba em Juiz de Fora.<\/p>\n","protected":false},"excerpt":{"rendered":"<p>A Passarela do Samba em Juiz de Fora agora homenageia Zez\u00e9 Garcia, um \u00edcone do carnaval. A lei sancionada pela prefeita Margarida Salom\u00e3o garante que seu nome ser\u00e1 eternizado nos desfiles.<\/p>\n","protected":false},"author":5,"featured_media":3301,"comment_status":"closed","ping_status":"open","sticky":false,"template":"","format":"standard","meta":{"footnotes":""},"categories":[1364],"tags":[1835,1510,1813,1264,1834],"class_list":["post-3432","post","type-post","status-publish","format-standard","has-post-thumbnail","hentry","category-cultura","tag-carnaval","tag-cultura","tag-homenagem","tag-juiz-de-fora","tag-samba"],"_links":{"self":[{"href":"https:\/\/guiacataguases.com.br\/nova\/wp-json\/wp\/v2\/posts\/3432","targetHints":{"allow":["GET"]}}],"collection":[{"href":"https:\/\/guiacataguases.com.br\/nova\/wp-json\/wp\/v2\/posts"}],"about":[{"href":"https:\/\/guiacataguases.com.br\/nova\/wp-json\/wp\/v2\/types\/post"}],"author":[{"embeddable":true,"href":"https:\/\/guiacataguases.com.br\/nova\/wp-json\/wp\/v2\/users\/5"}],"replies":[{"embeddable":true,"href":"https:\/\/guiacataguases.com.br\/nova\/wp-json\/wp\/v2\/comments?post=3432"}],"version-history":[{"count":0,"href":"https:\/\/guiacataguases.com.br\/nova\/wp-json\/wp\/v2\/posts\/3432\/revisions"}],"wp:featuredmedia":[{"embeddable":true,"href":"https:\/\/guiacataguases.com.br\/nova\/wp-json\/wp\/v2\/media\/3301"}],"wp:attachment":[{"href":"https:\/\/guiacataguases.com.br\/nova\/wp-json\/wp\/v2\/media?parent=3432"}],"wp:term":[{"taxonomy":"category","embeddable":true,"href":"https:\/\/guiacataguases.com.br\/nova\/wp-json\/wp\/v2\/categories?post=3432"},{"taxonomy":"post_tag","embeddable":true,"href":"https:\/\/guiacataguases.com.br\/nova\/wp-json\/wp\/v2\/tags?post=3432"}],"curies":[{"name":"wp","href":"https:\/\/api.w.org\/{rel}","templated":true}]}}