{"id":3526,"date":"2026-03-15T15:30:35","date_gmt":"2026-03-15T18:30:35","guid":{"rendered":"https:\/\/guiacataguases.com.br\/nova\/cultura\/camara-de-sjn-lanca-parlamento-jovem-2026-com-foco-em-inclusao\/"},"modified":"2026-03-15T15:30:35","modified_gmt":"2026-03-15T18:30:35","slug":"camara-de-sjn-lanca-parlamento-jovem-2026-com-foco-em-inclusao","status":"publish","type":"post","link":"https:\/\/guiacataguases.com.br\/nova\/cultura\/camara-de-sjn-lanca-parlamento-jovem-2026-com-foco-em-inclusao\/","title":{"rendered":"C\u00e2mara de SJN Lan\u00e7a Parlamento Jovem 2026 com Foco em Inclus\u00e3o"},"content":{"rendered":"<p><i>Evento marca in\u00edcio de debates sobre inclus\u00e3o social e neurodiverg\u00eancia entre jovens.<\/i><\/p>\n<hr>\n<p>Em uma tarde dedicada ao exerc\u00edcio da cidadania e \u00e0 promo\u00e7\u00e3o da diversidade, a C\u00e2mara Municipal de S\u00e3o Jo\u00e3o Nepomuceno deu in\u00edcio, no dia 13 de julho, \u00e0 edi\u00e7\u00e3o 2026 do Parlamento Jovem de Minas (PJ Minas). O evento, que contou com a participa\u00e7\u00e3o de um p\u00fablico expressivo, teve como tema central: &#8220;Inclus\u00e3o Social da Pessoa com Defici\u00eancia e com Neurodiverg\u00eancia&#8221;.<\/p>\n<p>O sucesso do Parlamento Jovem \u00e9 resultado de uma colabora\u00e7\u00e3o significativa entre a C\u00e2mara Municipal de S\u00e3o Jo\u00e3o Nepomuceno, atrav\u00e9s da Escola do Legislativo Dr. Al\u00edrio dos Reis Medeiros, e parceiros como a Assembleia Legislativa de Minas Gerais (ALMG) e a Secretaria Municipal de Educa\u00e7\u00e3o. A equipe, liderada pela Coordenadora Cristina Sarmento, com o apoio dos servidores Adriana Dutra, Ismael Giradi e Marco Almeida, foi fundamental para a realiza\u00e7\u00e3o do projeto.<\/p>\n<p>A cerim\u00f4nia, que come\u00e7ou \u00e0s 17h30, assegurou acessibilidade total, com suporte das int\u00e9rpretes de Libras Flora Teixeira e Marina Muller. A Vice-Presidente da Casa, Vereadora Ana Paula Callegaro da Silva, conduziu os trabalhos, acompanhada pelos vereadores Eluza Salvador C\u00f4rtes e Vivaldi D\u2019\u00c1vila do Carmo Arcangelo. A escolha da tem\u00e1tica de inclus\u00e3o foi feita pelos pr\u00f3prios estudantes na etapa estadual do ano anterior, refletindo o desejo da juventude de debater o respeito \u00e0s diferen\u00e7as.<\/p>\n<p>Diretores e professores das institui\u00e7\u00f5es parceiras, incluindo o Col\u00e9gio S\u00e3o Jo\u00e3o Nepomuceno, E.E. Dr. Francisco Z\u00e1gari, Escola Integrada SESI SENAI, E.E. Professor Gabriel Arcanjo de Mendon\u00e7a e E.E. Oswaldo Cruz, ressaltaram a import\u00e2ncia do PJ Minas na forma\u00e7\u00e3o cidad\u00e3 dos alunos.<\/p>\n<p>O evento tamb\u00e9m deu voz aos jovens participantes. A estudante Maria Lu\u00edsa Sarmento Rocha compartilhou sua hist\u00f3ria, enquanto novos representantes expressaram suas expectativas para o ano. A solenidade contou com uma palestra inspiradora de Margarida Mendon\u00e7a Carmo, especialista em Educa\u00e7\u00e3o Inclusiva, e foi encerrada com a apresenta\u00e7\u00e3o cultural &#8220;Rochedo em Contos de Minas&#8221;, do artista M\u00e1rcio Sabones.<\/p>\n<p>Como pr\u00f3ximos passos, todos os alunos est\u00e3o convidados para o I Simp\u00f3sio Municipal sobre a S\u00edndrome de Down, que ocorrer\u00e1 no dia 18 de mar\u00e7o de 2026, \u00e0s 18h30, promovendo um aprendizado mais aprofundado sobre o tema central desta edi\u00e7\u00e3o.<\/p>\n","protected":false},"excerpt":{"rendered":"<p>A C\u00e2mara Municipal de S\u00e3o Jo\u00e3o Nepomuceno lan\u00e7ou o Parlamento Jovem 2026, focando na inclus\u00e3o social e neurodiverg\u00eancia. O evento contou com a participa\u00e7\u00e3o ativa de estudantes e especialistas.<\/p>\n","protected":false},"author":5,"featured_media":3303,"comment_status":"closed","ping_status":"open","sticky":false,"template":"","format":"standard","meta":{"footnotes":""},"categories":[1364],"tags":[1635,1520,1422,1856,1616],"class_list":["post-3526","post","type-post","status-publish","format-standard","has-post-thumbnail","hentry","category-cultura","tag-cidadania","tag-educacao","tag-inclusao","tag-neurodivergencia","tag-parlamento-jovem"],"_links":{"self":[{"href":"https:\/\/guiacataguases.com.br\/nova\/wp-json\/wp\/v2\/posts\/3526","targetHints":{"allow":["GET"]}}],"collection":[{"href":"https:\/\/guiacataguases.com.br\/nova\/wp-json\/wp\/v2\/posts"}],"about":[{"href":"https:\/\/guiacataguases.com.br\/nova\/wp-json\/wp\/v2\/types\/post"}],"author":[{"embeddable":true,"href":"https:\/\/guiacataguases.com.br\/nova\/wp-json\/wp\/v2\/users\/5"}],"replies":[{"embeddable":true,"href":"https:\/\/guiacataguases.com.br\/nova\/wp-json\/wp\/v2\/comments?post=3526"}],"version-history":[{"count":0,"href":"https:\/\/guiacataguases.com.br\/nova\/wp-json\/wp\/v2\/posts\/3526\/revisions"}],"wp:featuredmedia":[{"embeddable":true,"href":"https:\/\/guiacataguases.com.br\/nova\/wp-json\/wp\/v2\/media\/3303"}],"wp:attachment":[{"href":"https:\/\/guiacataguases.com.br\/nova\/wp-json\/wp\/v2\/media?parent=3526"}],"wp:term":[{"taxonomy":"category","embeddable":true,"href":"https:\/\/guiacataguases.com.br\/nova\/wp-json\/wp\/v2\/categories?post=3526"},{"taxonomy":"post_tag","embeddable":true,"href":"https:\/\/guiacataguases.com.br\/nova\/wp-json\/wp\/v2\/tags?post=3526"}],"curies":[{"name":"wp","href":"https:\/\/api.w.org\/{rel}","templated":true}]}}