{"id":3559,"date":"2026-03-16T03:29:34","date_gmt":"2026-03-16T06:29:34","guid":{"rendered":"https:\/\/guiacataguases.com.br\/nova\/saude\/ufjf-recebe-14-mil-alunos-com-desafios-de-transito-nesta-segunda-feira\/"},"modified":"2026-03-16T03:29:34","modified_gmt":"2026-03-16T06:29:34","slug":"ufjf-recebe-14-mil-alunos-com-desafios-de-transito-nesta-segunda-feira","status":"publish","type":"post","link":"https:\/\/guiacataguases.com.br\/nova\/saude\/ufjf-recebe-14-mil-alunos-com-desafios-de-transito-nesta-segunda-feira\/","title":{"rendered":"UFJF Recebe 14 Mil Alunos com Desafios de Tr\u00e2nsito nesta Segunda-feira"},"content":{"rendered":"<p><i>Interdi\u00e7\u00f5es na Estrada Gentil Forn complicam o retorno \u00e0s aulas na universidade e em col\u00e9gios da regi\u00e3o.<\/i><\/p>\n<hr>\n<p>A Universidade Federal de Juiz de Fora (UFJF) inicia nesta segunda-feira (16) o calend\u00e1rio letivo do primeiro semestre de 2026, com a expectativa de receber cerca de 14 mil alunos em seus campi, localizados em Juiz de Fora e Governador Valadares. Dentre esses, 1.972 s\u00e3o calouros que enfrentar\u00e3o desafios no deslocamento devido \u00e0s interdi\u00e7\u00f5es nas vias causadas pelas chuvas de fevereiro.<\/p>\n<p>A Estrada Engenheiro Gentil Forn, principal acesso ao campus, est\u00e1 comprometida ap\u00f3s o deslizamento de terra que ocorreu na rotat\u00f3ria entre os bairros Vale do Ip\u00ea e Jardim Gl\u00f3ria. A Prefeitura n\u00e3o divulgou uma previs\u00e3o para o in\u00edcio das obras de recupera\u00e7\u00e3o, e at\u00e9 que a estrada seja liberada, os alunos devem utilizar rotas alternativas pelos bairros Borboleta e Cascatinha. A UFJF recomenda que os estudantes verifiquem as op\u00e7\u00f5es de acesso e se planejem com anteced\u00eancia para evitar transtornos.<\/p>\n<p>Al\u00e9m dos alunos da UFJF, o campus tamb\u00e9m receber\u00e1 estudantes do ensino m\u00e9dio e do programa de Educa\u00e7\u00e3o de Jovens e Adultos (EJA) do Col\u00e9gio de Aplica\u00e7\u00e3o Jo\u00e3o XXIII, que est\u00e1 interditado pela Defesa Civil. As aulas do ensino m\u00e9dio ocorrer\u00e3o na Faculdade de Educa\u00e7\u00e3o, enquanto os alunos do EJA ter\u00e3o suas atividades na Faculdade de Servi\u00e7o Social. A Prefeitura tamb\u00e9m anunciou o retorno de v\u00e1rias creches e escolas da rede municipal a partir desta segunda-feira, incluindo a Creche Obras Sociais do Bom Pastor e a Escola Municipal Bom Pastor.<\/p>\n","protected":false},"excerpt":{"rendered":"<p>A UFJF inicia o semestre com 14 mil alunos, enfrentando desafios de tr\u00e2nsito devido a interdi\u00e7\u00f5es na Estrada Gentil Forn. Estudantes de col\u00e9gios tamb\u00e9m retornam \u00e0s aulas no campus.<\/p>\n","protected":false},"author":5,"featured_media":3315,"comment_status":"closed","ping_status":"open","sticky":false,"template":"","format":"standard","meta":{"footnotes":""},"categories":[1362],"tags":[1877,1520,1264,1285,1876],"class_list":["post-3559","post","type-post","status-publish","format-standard","has-post-thumbnail","hentry","category-saude","tag-colegio-joao-xxiii","tag-educacao","tag-juiz-de-fora","tag-transito","tag-ufjf"],"_links":{"self":[{"href":"https:\/\/guiacataguases.com.br\/nova\/wp-json\/wp\/v2\/posts\/3559","targetHints":{"allow":["GET"]}}],"collection":[{"href":"https:\/\/guiacataguases.com.br\/nova\/wp-json\/wp\/v2\/posts"}],"about":[{"href":"https:\/\/guiacataguases.com.br\/nova\/wp-json\/wp\/v2\/types\/post"}],"author":[{"embeddable":true,"href":"https:\/\/guiacataguases.com.br\/nova\/wp-json\/wp\/v2\/users\/5"}],"replies":[{"embeddable":true,"href":"https:\/\/guiacataguases.com.br\/nova\/wp-json\/wp\/v2\/comments?post=3559"}],"version-history":[{"count":0,"href":"https:\/\/guiacataguases.com.br\/nova\/wp-json\/wp\/v2\/posts\/3559\/revisions"}],"wp:featuredmedia":[{"embeddable":true,"href":"https:\/\/guiacataguases.com.br\/nova\/wp-json\/wp\/v2\/media\/3315"}],"wp:attachment":[{"href":"https:\/\/guiacataguases.com.br\/nova\/wp-json\/wp\/v2\/media?parent=3559"}],"wp:term":[{"taxonomy":"category","embeddable":true,"href":"https:\/\/guiacataguases.com.br\/nova\/wp-json\/wp\/v2\/categories?post=3559"},{"taxonomy":"post_tag","embeddable":true,"href":"https:\/\/guiacataguases.com.br\/nova\/wp-json\/wp\/v2\/tags?post=3559"}],"curies":[{"name":"wp","href":"https:\/\/api.w.org\/{rel}","templated":true}]}}