{"id":3563,"date":"2026-03-16T08:48:39","date_gmt":"2026-03-16T11:48:39","guid":{"rendered":"https:\/\/guiacataguases.com.br\/nova\/politica\/debate-na-almg-destaca-inclusao-de-pessoas-com-sindrome-de-down\/"},"modified":"2026-03-16T08:48:39","modified_gmt":"2026-03-16T11:48:39","slug":"debate-na-almg-destaca-inclusao-de-pessoas-com-sindrome-de-down","status":"publish","type":"post","link":"https:\/\/guiacataguases.com.br\/nova\/politica\/debate-na-almg-destaca-inclusao-de-pessoas-com-sindrome-de-down\/","title":{"rendered":"Debate na ALMG destaca inclus\u00e3o de pessoas com S\u00edndrome de Down"},"content":{"rendered":"<p><i>Audi\u00eancia p\u00fablica ser\u00e1 realizada em homenagem ao Dia Internacional da S\u00edndrome de Down<\/i><\/p>\n<hr>\n<p>Na pr\u00f3xima ter\u00e7a-feira, dia 17 de mar\u00e7o, \u00e0s 9h30, a Comiss\u00e3o de Defesa dos Direitos da Pessoa com Defici\u00eancia da Assembleia Legislativa de Minas Gerais (ALMG) realizar\u00e1 uma audi\u00eancia p\u00fablica focada na inclus\u00e3o de pessoas com S\u00edndrome de Down. O evento \u00e9 uma iniciativa do deputado Grego da Funda\u00e7\u00e3o (Mobiliza), que \u00e9 pai de Dimitrios, um adolescente de 17 anos com a s\u00edndrome.<\/p>\n<p>A campanha deste ano, em celebra\u00e7\u00e3o ao Dia Internacional da S\u00edndrome de Down, que ocorre em 21 de mar\u00e7o, traz a mensagem: \u201cAmizade, acolhimento e inclus\u00e3o. X\u00f4, solid\u00e3o!\u201d. O deputado Grego ressalta que a proposta da campanha evidencia que a inclus\u00e3o vai al\u00e9m das pol\u00edticas p\u00fablicas, iniciando nas rela\u00e7\u00f5es cotidianas. &#8220;A campanha nos convida a refletir que a inclus\u00e3o acontece, sobretudo, nas rela\u00e7\u00f5es humanas: na amizade, no acolhimento e na conviv\u00eancia em comunidade. Combater o isolamento e o preconceito \u00e9 fundamental para garantir dignidade e cidadania \u00e0s pessoas com s\u00edndrome de Down e a todas as pessoas com defici\u00eancia&#8221;, enfatiza o parlamentar.<\/p>\n<p>A audi\u00eancia ser\u00e1 transmitida ao vivo pelo site almg.gov.br, onde o p\u00fablico poder\u00e1 enviar perguntas e contribui\u00e7\u00f5es para enriquecer o debate.<\/p>\n","protected":false},"excerpt":{"rendered":"<p>Audi\u00eancia p\u00fablica na ALMG discutir\u00e1 a inclus\u00e3o de pessoas com S\u00edndrome de Down. Evento acontece em homenagem ao Dia Internacional da S\u00edndrome de Down.<\/p>\n","protected":false},"author":5,"featured_media":3437,"comment_status":"closed","ping_status":"open","sticky":false,"template":"","format":"standard","meta":{"footnotes":""},"categories":[1360],"tags":[1882,1883,1881,1422,1584],"class_list":["post-3563","post","type-post","status-publish","format-standard","has-post-thumbnail","hentry","category-politica","tag-almg","tag-deficiencia","tag-direitos-humanos","tag-inclusao","tag-politica"],"_links":{"self":[{"href":"https:\/\/guiacataguases.com.br\/nova\/wp-json\/wp\/v2\/posts\/3563","targetHints":{"allow":["GET"]}}],"collection":[{"href":"https:\/\/guiacataguases.com.br\/nova\/wp-json\/wp\/v2\/posts"}],"about":[{"href":"https:\/\/guiacataguases.com.br\/nova\/wp-json\/wp\/v2\/types\/post"}],"author":[{"embeddable":true,"href":"https:\/\/guiacataguases.com.br\/nova\/wp-json\/wp\/v2\/users\/5"}],"replies":[{"embeddable":true,"href":"https:\/\/guiacataguases.com.br\/nova\/wp-json\/wp\/v2\/comments?post=3563"}],"version-history":[{"count":0,"href":"https:\/\/guiacataguases.com.br\/nova\/wp-json\/wp\/v2\/posts\/3563\/revisions"}],"wp:featuredmedia":[{"embeddable":true,"href":"https:\/\/guiacataguases.com.br\/nova\/wp-json\/wp\/v2\/media\/3437"}],"wp:attachment":[{"href":"https:\/\/guiacataguases.com.br\/nova\/wp-json\/wp\/v2\/media?parent=3563"}],"wp:term":[{"taxonomy":"category","embeddable":true,"href":"https:\/\/guiacataguases.com.br\/nova\/wp-json\/wp\/v2\/categories?post=3563"},{"taxonomy":"post_tag","embeddable":true,"href":"https:\/\/guiacataguases.com.br\/nova\/wp-json\/wp\/v2\/tags?post=3563"}],"curies":[{"name":"wp","href":"https:\/\/api.w.org\/{rel}","templated":true}]}}