{"id":3628,"date":"2026-03-16T16:04:15","date_gmt":"2026-03-16T19:04:15","guid":{"rendered":"https:\/\/guiacataguases.com.br\/nova\/policia\/caminhoneiros-ameacam-greve-nacional-por-aumento-nos-combustiveis\/"},"modified":"2026-03-16T16:04:15","modified_gmt":"2026-03-16T19:04:15","slug":"caminhoneiros-ameacam-greve-nacional-por-aumento-nos-combustiveis","status":"publish","type":"post","link":"https:\/\/guiacataguases.com.br\/nova\/policia\/caminhoneiros-ameacam-greve-nacional-por-aumento-nos-combustiveis\/","title":{"rendered":"Caminhoneiros amea\u00e7am greve nacional por aumento nos combust\u00edveis"},"content":{"rendered":"<p><i>Setor de transporte rodovi\u00e1rio exige medidas do governo para conter pre\u00e7os abusivos do diesel.<\/i><\/p>\n<hr>\n<p>O setor de transporte rodovi\u00e1rio de cargas no Brasil expressou forte insatisfa\u00e7\u00e3o com os recentes aumentos nos pre\u00e7os dos combust\u00edveis, especialmente o diesel, que \u00e9 o principal insumo da atividade. Representantes da categoria alertaram o governo federal sobre a possibilidade de uma nova greve nacional caso n\u00e3o sejam adotadas medidas para conter os reajustes considerados abusivos. A preocupa\u00e7\u00e3o foi formalmente apresentada ao Pal\u00e1cio do Planalto, onde entidades do setor enviaram um documento ao presidente Luiz In\u00e1cio Lula da Silva destacando que o aumento do diesel em v\u00e1rias regi\u00f5es do pa\u00eds est\u00e1 pressionando os custos operacionais dos caminhoneiros e colocando em risco a sustentabilidade da atividade.<\/p>\n<p>Os relatos indicam que o pre\u00e7o do diesel variou entre R$ 0,20 e R$ 0,60 por litro em cidades do Centro-Oeste nos \u00faltimos dias. Para os transportadores, essas flutua\u00e7\u00f5es dificultam o planejamento das viagens e reduzem significativamente a margem de lucro. A ABRAVA (Associa\u00e7\u00e3o Brasileira de Refrigera\u00e7\u00e3o, Ar Condicionado, Ventila\u00e7\u00e3o e Aquecimento) formalizou a den\u00fancia, alegando \u201cevid\u00eancias de pr\u00e1ticas abusivas por parte de distribuidoras de combust\u00edveis\u201d, afirmando que os aumentos n\u00e3o est\u00e3o totalmente justificados por varia\u00e7\u00f5es no mercado internacional ou nos custos de produ\u00e7\u00e3o.<\/p>\n<h3>Impactos na economia<\/h3>\n<p>O transporte rodovi\u00e1rio \u00e9 respons\u00e1vel por cerca de 60% da movimenta\u00e7\u00e3o de cargas no pa\u00eds, tornando o setor extremamente sens\u00edvel ao pre\u00e7o do diesel. A eleva\u00e7\u00e3o nos custos do combust\u00edvel impacta diretamente o frete e, consequentemente, o pre\u00e7o final de alimentos, produtos industrializados e insumos. Especialistas alertam que uma eventual paralisa\u00e7\u00e3o dos caminhoneiros poderia causar desabastecimento em diversas regi\u00f5es, afetando supermercados, postos de combust\u00edvel, hospitais e ind\u00fastrias. Essa situa\u00e7\u00e3o remete \u00e0 greve hist\u00f3rica de 2018, que resultou em bloqueios em rodovias e paralisou parte da economia brasileira.<\/p>\n<p>Entre as principais reivindica\u00e7\u00f5es dos caminhoneiros est\u00e3o: fiscaliza\u00e7\u00e3o mais rigorosa sobre distribuidoras e postos de combust\u00edveis, transpar\u00eancia na forma\u00e7\u00e3o do pre\u00e7o do diesel, medidas para evitar aumentos considerados abusivos e pol\u00edticas de estabiliza\u00e7\u00e3o do pre\u00e7o do combust\u00edvel. Lideran\u00e7as do setor afirmam que, se n\u00e3o houver di\u00e1logo ou respostas concretas do governo, a categoria poder\u00e1 discutir uma paralisa\u00e7\u00e3o nacional nas pr\u00f3ximas semanas.<\/p>\n<p>O governo federal ainda n\u00e3o anunciou medidas espec\u00edficas sobre a quest\u00e3o, mas interlocutores do Planalto indicam que o tema est\u00e1 sendo monitorado devido ao potencial impacto econ\u00f4mico e social. Enquanto isso, os caminhoneiros permanecem mobilizados e atentos \u00e0s negocia\u00e7\u00f5es. A possibilidade de greve reacende um alerta para a economia brasileira, uma vez que o transporte rodovi\u00e1rio \u00e9 o principal eixo log\u00edstico do pa\u00eds. Especialistas apontam que, caso a paralisa\u00e7\u00e3o se confirme, os efeitos podem ser r\u00e1pidos e amplos, atingindo cadeias produtivas inteiras e pressionando ainda mais a infla\u00e7\u00e3o.<\/p>\n","protected":false},"excerpt":{"rendered":"<p>Caminhoneiros alertam sobre poss\u00edvel greve nacional devido ao aumento do diesel. Setor exige medidas do governo para conter pre\u00e7os abusivos.<\/p>\n","protected":false},"author":5,"featured_media":3308,"comment_status":"closed","ping_status":"open","sticky":false,"template":"","format":"standard","meta":{"footnotes":""},"categories":[1361],"tags":[1928,1448,1493,1929,1753],"class_list":["post-3628","post","type-post","status-publish","format-standard","has-post-thumbnail","hentry","category-policia","tag-caminhoneiros","tag-combustiveis","tag-economia","tag-greve","tag-transporte"],"_links":{"self":[{"href":"https:\/\/guiacataguases.com.br\/nova\/wp-json\/wp\/v2\/posts\/3628","targetHints":{"allow":["GET"]}}],"collection":[{"href":"https:\/\/guiacataguases.com.br\/nova\/wp-json\/wp\/v2\/posts"}],"about":[{"href":"https:\/\/guiacataguases.com.br\/nova\/wp-json\/wp\/v2\/types\/post"}],"author":[{"embeddable":true,"href":"https:\/\/guiacataguases.com.br\/nova\/wp-json\/wp\/v2\/users\/5"}],"replies":[{"embeddable":true,"href":"https:\/\/guiacataguases.com.br\/nova\/wp-json\/wp\/v2\/comments?post=3628"}],"version-history":[{"count":0,"href":"https:\/\/guiacataguases.com.br\/nova\/wp-json\/wp\/v2\/posts\/3628\/revisions"}],"wp:featuredmedia":[{"embeddable":true,"href":"https:\/\/guiacataguases.com.br\/nova\/wp-json\/wp\/v2\/media\/3308"}],"wp:attachment":[{"href":"https:\/\/guiacataguases.com.br\/nova\/wp-json\/wp\/v2\/media?parent=3628"}],"wp:term":[{"taxonomy":"category","embeddable":true,"href":"https:\/\/guiacataguases.com.br\/nova\/wp-json\/wp\/v2\/categories?post=3628"},{"taxonomy":"post_tag","embeddable":true,"href":"https:\/\/guiacataguases.com.br\/nova\/wp-json\/wp\/v2\/tags?post=3628"}],"curies":[{"name":"wp","href":"https:\/\/api.w.org\/{rel}","templated":true}]}}