{"id":3632,"date":"2026-03-16T16:05:57","date_gmt":"2026-03-16T19:05:57","guid":{"rendered":"https:\/\/guiacataguases.com.br\/nova\/saude\/calor-e-chuvas-marcam-a-ultima-semana-do-verao-em-juiz-de-fora\/"},"modified":"2026-03-16T16:05:57","modified_gmt":"2026-03-16T19:05:57","slug":"calor-e-chuvas-marcam-a-ultima-semana-do-verao-em-juiz-de-fora","status":"publish","type":"post","link":"https:\/\/guiacataguases.com.br\/nova\/saude\/calor-e-chuvas-marcam-a-ultima-semana-do-verao-em-juiz-de-fora\/","title":{"rendered":"Calor e chuvas marcam a \u00faltima semana do ver\u00e3o em Juiz de Fora"},"content":{"rendered":"<p><i>Temperaturas variam de 15\u00baC a 31\u00baC na Zona da Mata at\u00e9 o in\u00edcio do outono.<\/i><\/p>\n<hr>\n<p>A \u00faltima semana do ver\u00e3o promete calor e chuvas em Juiz de Fora e regi\u00e3o, com a esta\u00e7\u00e3o se encerrando na pr\u00f3xima sexta-feira (20), dando in\u00edcio ao outono. De acordo com o climatologista do Instituto Nacional de Meteorologia (Inmet), Lizandro Gemiacki, a \u00e1rea est\u00e1 sob a influ\u00eancia de uma crista atmosf\u00e9rica de alta press\u00e3o, que inibe a forma\u00e7\u00e3o de nuvens e provoca temperaturas elevadas.<\/p>\n<p>Nesta quinta-feira (19), as temperaturas em Juiz de Fora devem variar entre 19\u00b0C e 29\u00b0C, enquanto na sexta-feira (20) as m\u00ednimas e m\u00e1ximas ficam entre 19\u00b0C e 26\u00b0C. A expectativa \u00e9 que, a partir de quinta-feira, pancadas de chuva comecem a ocorrer na regi\u00e3o. Confira as temperaturas previstas para outras cidades da Zona da Mata e Campo das Vertentes:<\/p>\n<p><strong>Temperaturas m\u00ednimas e m\u00e1ximas durante a semana:<\/strong><\/p>\n<p>Cidade               M\u00ednima       M\u00e1xima<br \/>\nJuiz de Fora        16 \u00b0C       31 \u00b0C<br \/>\nBarbacena           15 \u00b0C       30 \u00b0C<br \/>\nUb\u00e1                 15 \u00b0C       30 \u00b0C<br \/>\nRio Novo            17 \u00b0C       31 \u00b0C<br \/>\nMuria\u00e9              17 \u00b0C       31 \u00b0C<br \/>\nUb\u00e1                 15 \u00b0C       31 \u00b0C<\/p>\n<p>A previs\u00e3o \u00e9 de que a popula\u00e7\u00e3o se prepare para o calor intenso, mas tamb\u00e9m para a possibilidade de chuvas que podem trazer al\u00edvio ao clima quente.<\/p>\n","protected":false},"excerpt":{"rendered":"<p>A \u00faltima semana do ver\u00e3o traz calor e chuvas para Juiz de Fora, com temperaturas entre 15\u00baC e 31\u00baC at\u00e9 o in\u00edcio do outono. Confira a previs\u00e3o completa.<\/p>\n","protected":false},"author":5,"featured_media":3315,"comment_status":"closed","ping_status":"open","sticky":false,"template":"","format":"standard","meta":{"footnotes":""},"categories":[1362],"tags":[1647,1264,1315,1938,1266],"class_list":["post-3632","post","type-post","status-publish","format-standard","has-post-thumbnail","hentry","category-saude","tag-clima","tag-juiz-de-fora","tag-previsao-do-tempo","tag-verao","tag-zona-da-mata"],"_links":{"self":[{"href":"https:\/\/guiacataguases.com.br\/nova\/wp-json\/wp\/v2\/posts\/3632","targetHints":{"allow":["GET"]}}],"collection":[{"href":"https:\/\/guiacataguases.com.br\/nova\/wp-json\/wp\/v2\/posts"}],"about":[{"href":"https:\/\/guiacataguases.com.br\/nova\/wp-json\/wp\/v2\/types\/post"}],"author":[{"embeddable":true,"href":"https:\/\/guiacataguases.com.br\/nova\/wp-json\/wp\/v2\/users\/5"}],"replies":[{"embeddable":true,"href":"https:\/\/guiacataguases.com.br\/nova\/wp-json\/wp\/v2\/comments?post=3632"}],"version-history":[{"count":0,"href":"https:\/\/guiacataguases.com.br\/nova\/wp-json\/wp\/v2\/posts\/3632\/revisions"}],"wp:featuredmedia":[{"embeddable":true,"href":"https:\/\/guiacataguases.com.br\/nova\/wp-json\/wp\/v2\/media\/3315"}],"wp:attachment":[{"href":"https:\/\/guiacataguases.com.br\/nova\/wp-json\/wp\/v2\/media?parent=3632"}],"wp:term":[{"taxonomy":"category","embeddable":true,"href":"https:\/\/guiacataguases.com.br\/nova\/wp-json\/wp\/v2\/categories?post=3632"},{"taxonomy":"post_tag","embeddable":true,"href":"https:\/\/guiacataguases.com.br\/nova\/wp-json\/wp\/v2\/tags?post=3632"}],"curies":[{"name":"wp","href":"https:\/\/api.w.org\/{rel}","templated":true}]}}