{"id":3639,"date":"2026-03-16T21:20:24","date_gmt":"2026-03-17T00:20:24","guid":{"rendered":"https:\/\/guiacataguases.com.br\/nova\/cultura\/casa-da-memoria-e-inaugurada-em-leopoldina-e-impulsiona-turismo-cultural\/"},"modified":"2026-03-16T21:20:24","modified_gmt":"2026-03-17T00:20:24","slug":"casa-da-memoria-e-inaugurada-em-leopoldina-e-impulsiona-turismo-cultural","status":"publish","type":"post","link":"https:\/\/guiacataguases.com.br\/nova\/cultura\/casa-da-memoria-e-inaugurada-em-leopoldina-e-impulsiona-turismo-cultural\/","title":{"rendered":"Casa da Mem\u00f3ria \u00e9 inaugurada em Leopoldina e impulsiona turismo cultural"},"content":{"rendered":"<p><i>Novo espa\u00e7o cultural integra a Rota Luz de Minas e oferece experi\u00eancias interativas.<\/i><\/p>\n<hr>\n<p>A Zona da Mata Mineira ganhou um novo espa\u00e7o dedicado \u00e0 cultura e ao turismo com a inaugura\u00e7\u00e3o da Casa da Mem\u00f3ria, em Leopoldina. O local, instalado em um casar\u00e3o hist\u00f3rico da d\u00e9cada de 1950, foi revitalizado com recursos da Lei Federal de Incentivo \u00e0 Cultura e agora faz parte da &#8220;Rota Luz de Minas&#8221;, uma iniciativa que visa fortalecer o turismo regional e a identidade cultural da comunidade.<\/p>\n<p>Promovido pela Funda\u00e7\u00e3o Ormeo Junqueira Botelho em parceria com o Grupo Energisa, o projeto busca valorizar a mem\u00f3ria da regi\u00e3o, oferecendo experi\u00eancias tecnol\u00f3gicas e educativas aos visitantes. Com uma \u00e1rea de cerca de 4 mil metros quadrados, a Casa da Mem\u00f3ria combina preserva\u00e7\u00e3o hist\u00f3rica e ferramentas da economia 4.0, utilizando expografia contempor\u00e2nea para contar a hist\u00f3ria da eletrifica\u00e7\u00e3o no Brasil e o desenvolvimento urbano da regi\u00e3o.<\/p>\n<p>Entre os destaques do local est\u00e1 o Gabinete do Dr. Ormeo, que permite aos visitantes interagir com conte\u00fados atrav\u00e9s de intelig\u00eancia artificial. A Sala Memorabilia recria cenas do cotidiano de d\u00e9cadas passadas, utilizando sons, objetos e ambienta\u00e7\u00f5es que remetem \u00e0 vida social da \u00e9poca. A arquitetura original do casar\u00e3o foi preservada e agora se integra a um projeto paisag\u00edstico sensorial inspirado no renomado paisagista Roberto Burle Marx.<\/p>\n<p>A Casa da Mem\u00f3ria tamb\u00e9m oferece experi\u00eancias interativas, como proje\u00e7\u00f5es mapeadas e narrativas sonoras que revisitam momentos importantes da hist\u00f3ria do Brasil, incluindo trechos de di\u00e1rios do ex-presidente Get\u00falio Vargas. Outro espa\u00e7o de destaque \u00e9 o Lab Mem\u00f3ria, voltado para tecnologia e forma\u00e7\u00e3o, que utiliza impress\u00e3o 3D e se conecta ao hub de inova\u00e7\u00e3o Rio Pomba Valley para projetos de pesquisa e desenvolvimento.<\/p>\n<p>A \u00e1rea externa conta com o Jardim dos Sentidos, que traz a restaura\u00e7\u00e3o de um projeto paisag\u00edstico inspirado em Burle Marx, incluindo uma horta medicinal e brinquedos l\u00fadico-musicais para a intera\u00e7\u00e3o dos visitantes. O Espa\u00e7o Lya foi criado para valorizar a produ\u00e7\u00e3o liter\u00e1ria feminina e a escrita memorial\u00edstica, ampliando o di\u00e1logo entre hist\u00f3ria, cultura e literatura.<\/p>\n<p>A Casa da Mem\u00f3ria est\u00e1 aberta ao p\u00fablico de quarta a s\u00e1bado, das 9h \u00e0s 17h30, e aos domingos, das 9h \u00e0s 14h. As visitas podem ser agendadas pelo site da Funda\u00e7\u00e3o Ormeo Junqueira Botelho. Mais informa\u00e7\u00f5es podem ser obtidas pelo e-mail casadamemoria@fojb.org.br ou pelo telefone (32) 98454-2049. A iniciativa visa transformar Leopoldina em um novo polo cultural e tur\u00edstico da Zona da Mata, conectando mem\u00f3ria, tecnologia e identidade regional.<\/p>\n","protected":false},"excerpt":{"rendered":"<p>Inaugura\u00e7\u00e3o da Casa da Mem\u00f3ria em Leopoldina refor\u00e7a o turismo cultural na Zona da Mata.<\/p>\n","protected":false},"author":5,"featured_media":3301,"comment_status":"closed","ping_status":"open","sticky":false,"template":"","format":"standard","meta":{"footnotes":""},"categories":[1364],"tags":[1436,1551,1940,1410,1939],"class_list":["post-3639","post","type-post","status-publish","format-standard","has-post-thumbnail","hentry","category-cultura","tag-casa-da-memoria","tag-fundacao-ormeo-junqueira-botelho","tag-grupo-energisa","tag-leopoldina","tag-turismo-cultural"],"_links":{"self":[{"href":"https:\/\/guiacataguases.com.br\/nova\/wp-json\/wp\/v2\/posts\/3639","targetHints":{"allow":["GET"]}}],"collection":[{"href":"https:\/\/guiacataguases.com.br\/nova\/wp-json\/wp\/v2\/posts"}],"about":[{"href":"https:\/\/guiacataguases.com.br\/nova\/wp-json\/wp\/v2\/types\/post"}],"author":[{"embeddable":true,"href":"https:\/\/guiacataguases.com.br\/nova\/wp-json\/wp\/v2\/users\/5"}],"replies":[{"embeddable":true,"href":"https:\/\/guiacataguases.com.br\/nova\/wp-json\/wp\/v2\/comments?post=3639"}],"version-history":[{"count":0,"href":"https:\/\/guiacataguases.com.br\/nova\/wp-json\/wp\/v2\/posts\/3639\/revisions"}],"wp:featuredmedia":[{"embeddable":true,"href":"https:\/\/guiacataguases.com.br\/nova\/wp-json\/wp\/v2\/media\/3301"}],"wp:attachment":[{"href":"https:\/\/guiacataguases.com.br\/nova\/wp-json\/wp\/v2\/media?parent=3639"}],"wp:term":[{"taxonomy":"category","embeddable":true,"href":"https:\/\/guiacataguases.com.br\/nova\/wp-json\/wp\/v2\/categories?post=3639"},{"taxonomy":"post_tag","embeddable":true,"href":"https:\/\/guiacataguases.com.br\/nova\/wp-json\/wp\/v2\/tags?post=3639"}],"curies":[{"name":"wp","href":"https:\/\/api.w.org\/{rel}","templated":true}]}}