{"id":3655,"date":"2026-03-17T04:49:42","date_gmt":"2026-03-17T07:49:42","guid":{"rendered":"https:\/\/guiacataguases.com.br\/nova\/policia\/trabalhadores-da-fhemig-entram-em-greve-por-tempo-indeterminado-a-partir-de-terca-feira\/"},"modified":"2026-03-17T04:49:42","modified_gmt":"2026-03-17T07:49:42","slug":"trabalhadores-da-fhemig-entram-em-greve-por-tempo-indeterminado-a-partir-de-terca-feira","status":"publish","type":"post","link":"https:\/\/guiacataguases.com.br\/nova\/policia\/trabalhadores-da-fhemig-entram-em-greve-por-tempo-indeterminado-a-partir-de-terca-feira\/","title":{"rendered":"Trabalhadores da Fhemig entram em greve por tempo indeterminado a partir de ter\u00e7a-feira"},"content":{"rendered":"<p><i>Greve ser\u00e1 marcada por assembleia no Hospital Jo\u00e3o XXIII em Belo Horizonte.<\/i><\/p>\n<hr>\n<p>Os trabalhadores da Funda\u00e7\u00e3o Hospitalar do Estado de Minas Gerais (Fhemig) iniciam uma greve por tempo indeterminado nesta ter\u00e7a-feira, 17 de mar\u00e7o. A decis\u00e3o foi tomada durante uma assembleia geral realizada na \u00faltima quarta-feira, 11 de mar\u00e7o, em resposta \u00e0s insatisfa\u00e7\u00f5es com as condi\u00e7\u00f5es de trabalho e o atendimento aos pacientes.<\/p>\n<p>A paralisa\u00e7\u00e3o ter\u00e1 in\u00edcio \u00e0s 7h e contar\u00e1 com uma concentra\u00e7\u00e3o e nova assembleia na porta do Hospital Jo\u00e3o XXIII, localizado no Centro de Belo Horizonte, \u00e0s 9h. De acordo com informa\u00e7\u00f5es da Associa\u00e7\u00e3o Sindical dos Trabalhadores em Hospitais (ASTHEMG) e do Sindicato dos Trabalhadores da Rede Fhemig (Sindpros), 15 hospitais p\u00fablicos de Belo Horizonte, da Regi\u00e3o Metropolitana e do interior de Minas Gerais v\u00e3o aderir ao movimento.<\/p>\n<p>Entre as principais queixas dos trabalhadores est\u00e3o a implementa\u00e7\u00e3o do sistema informatizado Tasy, que tem causado atrasos na administra\u00e7\u00e3o de medicamentos e agravado o estado de sa\u00fade dos pacientes. Al\u00e9m disso, o Sindpros destaca a falta de estrutura no Hospital Regional de Barbacena, onde pacientes est\u00e3o sendo transferidos para ambul\u00e2ncias expostos \u00e0 chuva devido \u00e0 falta de cobertura.<\/p>\n<p>Os trabalhadores tamb\u00e9m relatam que, em fevereiro, foram obrigados a cumprir 30 dias de trabalho em um m\u00eas que possui apenas 28 dias, sem direito a folgas ou compensa\u00e7\u00f5es financeiras. O sindicato ainda menciona problemas como descontos indevidos no sal\u00e1rio durante as f\u00e9rias e a falta de pagamento do vale-transporte, al\u00e9m de uma sobrecarga de trabalho.<\/p>\n<p>O reajuste salarial de 5,4% concedido pelo governo de Minas \u00e9 considerado insuficiente pelos trabalhadores, que apontam perdas salariais acumuladas de 12,59% nos \u00faltimos tr\u00eas anos. Em resposta, a Fhemig afirmou que est\u00e1 aberta ao di\u00e1logo para tratar das demandas dos servidores e reafirmou seu compromisso com a assist\u00eancia de qualidade aos usu\u00e1rios do Sistema \u00danico de Sa\u00fade (SUS).<\/p>\n","protected":false},"excerpt":{"rendered":"<p>Trabalhadores da Fhemig iniciam greve por tempo indeterminado a partir de 17 de mar\u00e7o, reivindicando melhores condi\u00e7\u00f5es de trabalho e reajuste salarial.<\/p>\n","protected":false},"author":5,"featured_media":3437,"comment_status":"closed","ping_status":"open","sticky":false,"template":"","format":"standard","meta":{"footnotes":""},"categories":[1361],"tags":[1447,1973,1929,1376,1974],"class_list":["post-3655","post","type-post","status-publish","format-standard","has-post-thumbnail","hentry","category-policia","tag-belo-horizonte","tag-fhemig","tag-greve","tag-saude","tag-trabalhadores"],"_links":{"self":[{"href":"https:\/\/guiacataguases.com.br\/nova\/wp-json\/wp\/v2\/posts\/3655","targetHints":{"allow":["GET"]}}],"collection":[{"href":"https:\/\/guiacataguases.com.br\/nova\/wp-json\/wp\/v2\/posts"}],"about":[{"href":"https:\/\/guiacataguases.com.br\/nova\/wp-json\/wp\/v2\/types\/post"}],"author":[{"embeddable":true,"href":"https:\/\/guiacataguases.com.br\/nova\/wp-json\/wp\/v2\/users\/5"}],"replies":[{"embeddable":true,"href":"https:\/\/guiacataguases.com.br\/nova\/wp-json\/wp\/v2\/comments?post=3655"}],"version-history":[{"count":0,"href":"https:\/\/guiacataguases.com.br\/nova\/wp-json\/wp\/v2\/posts\/3655\/revisions"}],"wp:featuredmedia":[{"embeddable":true,"href":"https:\/\/guiacataguases.com.br\/nova\/wp-json\/wp\/v2\/media\/3437"}],"wp:attachment":[{"href":"https:\/\/guiacataguases.com.br\/nova\/wp-json\/wp\/v2\/media?parent=3655"}],"wp:term":[{"taxonomy":"category","embeddable":true,"href":"https:\/\/guiacataguases.com.br\/nova\/wp-json\/wp\/v2\/categories?post=3655"},{"taxonomy":"post_tag","embeddable":true,"href":"https:\/\/guiacataguases.com.br\/nova\/wp-json\/wp\/v2\/tags?post=3655"}],"curies":[{"name":"wp","href":"https:\/\/api.w.org\/{rel}","templated":true}]}}