{"id":3668,"date":"2026-03-17T15:56:44","date_gmt":"2026-03-17T18:56:44","guid":{"rendered":"https:\/\/guiacataguases.com.br\/nova\/policia\/funcionarios-da-fhemig-anunciam-greve-em-minas-gerais-por-insatisfacao-salarial\/"},"modified":"2026-03-17T15:56:44","modified_gmt":"2026-03-17T18:56:44","slug":"funcionarios-da-fhemig-anunciam-greve-em-minas-gerais-por-insatisfacao-salarial","status":"publish","type":"post","link":"https:\/\/guiacataguases.com.br\/nova\/policia\/funcionarios-da-fhemig-anunciam-greve-em-minas-gerais-por-insatisfacao-salarial\/","title":{"rendered":"Funcion\u00e1rios da Fhemig anunciam greve em Minas Gerais por insatisfa\u00e7\u00e3o salarial"},"content":{"rendered":"<p><i>Trabalhadores protestam contra proposta de reajuste de 5,4% em meio a perdas acumuladas.<\/i><\/p>\n<hr>\n<p>Os funcion\u00e1rios da Funda\u00e7\u00e3o Hospitalar do Estado de Minas Gerais (Fhemig) decidiram entrar em greve a partir desta ter\u00e7a-feira (17), em protesto contra a pol\u00edtica salarial do governo estadual. A decis\u00e3o foi tomada em assembleia da categoria, que expressou forte descontentamento com o reajuste proposto pelo Executivo.<\/p>\n<p>Representantes dos trabalhadores afirmam que a proposta de aumento de 5,4% \u00e9 insuficiente, considerando que as perdas salariais acumuladas nos \u00faltimos tr\u00eas anos ultrapassam 12%. Essa situa\u00e7\u00e3o tem gerado um clima de insatisfa\u00e7\u00e3o crescente entre os profissionais da sa\u00fade, que se sentem desvalorizados.<\/p>\n<p>O movimento grevista \u00e9 liderado por entidades como a Associa\u00e7\u00e3o dos Trabalhadores em Hospitais de Minas Gerais (Asthemg) e o Sindicato dos Trabalhadores da Rede Fhemig (Sindpros). Carlos Martins, presidente das entidades, destacou que a paralisa\u00e7\u00e3o reflete a falta de valoriza\u00e7\u00e3o dos profissionais, al\u00e9m de diverg\u00eancias com a pol\u00edtica salarial do governo.<\/p>\n<p>Martins tamb\u00e9m alertou que, para alguns trabalhadores, especialmente os da enfermagem que recebem complementa\u00e7\u00e3o do piso nacional, o impacto do reajuste pode ser nulo. Isso ocorre porque o aumento proposto pode ser compensado por cortes em gratifica\u00e7\u00f5es, resultando em sal\u00e1rios praticamente inalterados.<\/p>\n<p>A greve levanta preocupa\u00e7\u00f5es sobre poss\u00edveis impactos no atendimento da rede hospitalar estadual, uma vez que a Fhemig opera unidades essenciais de sa\u00fade em Minas Gerais. A paralisa\u00e7\u00e3o pode afetar a presta\u00e7\u00e3o de servi\u00e7os \u00e0 popula\u00e7\u00e3o, especialmente em setores cr\u00edticos.<\/p>\n<p>At\u00e9 o momento, o governo do estado n\u00e3o se manifestou oficialmente sobre a greve. H\u00e1 expectativa de que novas negocia\u00e7\u00f5es possam ocorrer para tentar evitar ou minimizar os efeitos da paralisa\u00e7\u00e3o. O caso evidencia a crescente tens\u00e3o entre os servidores da sa\u00fade e o Executivo estadual, em um contexto de demandas por melhores condi\u00e7\u00f5es de trabalho e valoriza\u00e7\u00e3o profissional.<\/p>\n","protected":false},"excerpt":{"rendered":"<p>Funcion\u00e1rios da Fhemig entrar\u00e3o em greve em Minas Gerais a partir de ter\u00e7a-feira (17) por insatisfa\u00e7\u00e3o com a pol\u00edtica salarial do governo estadual.<\/p>\n","protected":false},"author":5,"featured_media":3377,"comment_status":"closed","ping_status":"open","sticky":false,"template":"","format":"standard","meta":{"footnotes":""},"categories":[1361],"tags":[1973,1929,1316,1376,1993],"class_list":["post-3668","post","type-post","status-publish","format-standard","has-post-thumbnail","hentry","category-policia","tag-fhemig","tag-greve","tag-minas-gerais","tag-saude","tag-sindicato"],"_links":{"self":[{"href":"https:\/\/guiacataguases.com.br\/nova\/wp-json\/wp\/v2\/posts\/3668","targetHints":{"allow":["GET"]}}],"collection":[{"href":"https:\/\/guiacataguases.com.br\/nova\/wp-json\/wp\/v2\/posts"}],"about":[{"href":"https:\/\/guiacataguases.com.br\/nova\/wp-json\/wp\/v2\/types\/post"}],"author":[{"embeddable":true,"href":"https:\/\/guiacataguases.com.br\/nova\/wp-json\/wp\/v2\/users\/5"}],"replies":[{"embeddable":true,"href":"https:\/\/guiacataguases.com.br\/nova\/wp-json\/wp\/v2\/comments?post=3668"}],"version-history":[{"count":0,"href":"https:\/\/guiacataguases.com.br\/nova\/wp-json\/wp\/v2\/posts\/3668\/revisions"}],"wp:featuredmedia":[{"embeddable":true,"href":"https:\/\/guiacataguases.com.br\/nova\/wp-json\/wp\/v2\/media\/3377"}],"wp:attachment":[{"href":"https:\/\/guiacataguases.com.br\/nova\/wp-json\/wp\/v2\/media?parent=3668"}],"wp:term":[{"taxonomy":"category","embeddable":true,"href":"https:\/\/guiacataguases.com.br\/nova\/wp-json\/wp\/v2\/categories?post=3668"},{"taxonomy":"post_tag","embeddable":true,"href":"https:\/\/guiacataguases.com.br\/nova\/wp-json\/wp\/v2\/tags?post=3668"}],"curies":[{"name":"wp","href":"https:\/\/api.w.org\/{rel}","templated":true}]}}