{"id":3688,"date":"2026-03-17T18:56:18","date_gmt":"2026-03-17T21:56:18","guid":{"rendered":"https:\/\/guiacataguases.com.br\/nova\/policia\/bombeiros-seguem-buscas-por-homem-desaparecido-em-barbacena-ha-uma-semana\/"},"modified":"2026-03-17T18:56:18","modified_gmt":"2026-03-17T21:56:18","slug":"bombeiros-seguem-buscas-por-homem-desaparecido-em-barbacena-ha-uma-semana","status":"publish","type":"post","link":"https:\/\/guiacataguases.com.br\/nova\/policia\/bombeiros-seguem-buscas-por-homem-desaparecido-em-barbacena-ha-uma-semana\/","title":{"rendered":"Bombeiros seguem buscas por homem desaparecido em Barbacena h\u00e1 uma semana"},"content":{"rendered":"<p><i>Opera\u00e7\u00f5es de resgate se intensificam no leito do Rio das Mortes.<\/i><\/p>\n<hr>\n<p>O Corpo de Bombeiros Militar de Minas Gerais continua, nesta ter\u00e7a-feira (17), as buscas por um homem que desapareceu no dia 11 de mar\u00e7o em Barbacena, munic\u00edpio localizado a cerca de 100 quil\u00f4metros de Juiz de Fora. As equipes de resgate est\u00e3o mobilizadas no s\u00e9timo dia de opera\u00e7\u00f5es, concentrando esfor\u00e7os na localiza\u00e7\u00e3o do poss\u00edvel desaparecido, que pode ter sido arrastado pela correnteza.<\/p>\n<p>Atualmente, os bombeiros utilizam um bote infl\u00e1vel para explorar o leito do Rio das Mortes, a partir da ponte sobre a BR-265, no munic\u00edpio de Barroso. A expectativa \u00e9 realizar uma busca minuciosa nas margens do rio, inspecionando galhadas e outros pontos que possam servir como locais de enrosco.<\/p>\n<p>Segundo a corpora\u00e7\u00e3o, toda a log\u00edstica dispon\u00edvel est\u00e1 sendo empregada na opera\u00e7\u00e3o. Os bombeiros tamb\u00e9m refor\u00e7aram aos familiares e amigos do desaparecido que est\u00e3o dedicando todos os esfor\u00e7os para encontrar a v\u00edtima. Al\u00e9m disso, orientam que familiares e volunt\u00e1rios n\u00e3o entrem no curso d&#8217;\u00e1gua, devido aos riscos significativos, como correnteza forte, \u00e1reas de dif\u00edcil acesso e a possibilidade de contamina\u00e7\u00e3o por esgoto.<\/p>\n<p>As buscas continuam com a esperan\u00e7a de que novas informa\u00e7\u00f5es possam surgir e auxiliar na localiza\u00e7\u00e3o do homem desaparecido, enquanto a equipe permanece atenta aos perigos da regi\u00e3o.<\/p>\n","protected":false},"excerpt":{"rendered":"<p>Bombeiros de Minas Gerais intensificam buscas por homem desaparecido em Barbacena, completando uma semana de opera\u00e7\u00f5es no Rio das Mortes.<\/p>\n","protected":false},"author":5,"featured_media":3437,"comment_status":"closed","ping_status":"open","sticky":false,"template":"","format":"standard","meta":{"footnotes":""},"categories":[1361],"tags":[2022,2025,1262,2024,2023],"class_list":["post-3688","post","type-post","status-publish","format-standard","has-post-thumbnail","hentry","category-policia","tag-barbacena","tag-buscas","tag-corpo-de-bombeiros","tag-desaparecimento","tag-rio-das-mortes"],"_links":{"self":[{"href":"https:\/\/guiacataguases.com.br\/nova\/wp-json\/wp\/v2\/posts\/3688","targetHints":{"allow":["GET"]}}],"collection":[{"href":"https:\/\/guiacataguases.com.br\/nova\/wp-json\/wp\/v2\/posts"}],"about":[{"href":"https:\/\/guiacataguases.com.br\/nova\/wp-json\/wp\/v2\/types\/post"}],"author":[{"embeddable":true,"href":"https:\/\/guiacataguases.com.br\/nova\/wp-json\/wp\/v2\/users\/5"}],"replies":[{"embeddable":true,"href":"https:\/\/guiacataguases.com.br\/nova\/wp-json\/wp\/v2\/comments?post=3688"}],"version-history":[{"count":0,"href":"https:\/\/guiacataguases.com.br\/nova\/wp-json\/wp\/v2\/posts\/3688\/revisions"}],"wp:featuredmedia":[{"embeddable":true,"href":"https:\/\/guiacataguases.com.br\/nova\/wp-json\/wp\/v2\/media\/3437"}],"wp:attachment":[{"href":"https:\/\/guiacataguases.com.br\/nova\/wp-json\/wp\/v2\/media?parent=3688"}],"wp:term":[{"taxonomy":"category","embeddable":true,"href":"https:\/\/guiacataguases.com.br\/nova\/wp-json\/wp\/v2\/categories?post=3688"},{"taxonomy":"post_tag","embeddable":true,"href":"https:\/\/guiacataguases.com.br\/nova\/wp-json\/wp\/v2\/tags?post=3688"}],"curies":[{"name":"wp","href":"https:\/\/api.w.org\/{rel}","templated":true}]}}